{"id":10092,"date":"2024-11-20T09:00:02","date_gmt":"2024-11-20T08:00:02","guid":{"rendered":"https:\/\/www.myvaldetravers.ch\/?p=10092"},"modified":"2024-11-20T09:58:45","modified_gmt":"2024-11-20T08:58:45","slug":"schneeschuh","status":"publish","type":"post","link":"https:\/\/www.myvaldetravers.ch\/de\/2024\/11\/20\/schneeschuh\/","title":{"rendered":"In diesem Winter sollten Sie Ihre Schneeschuhe auspacken!"},"content":{"rendered":"<p>Vergessen Sie alle Sorgen, schnallen Sie sich Ihre Schneeschuhe an und folgen Sie unserem F\u00fchrer, um die verschneiten Landschaften des Val-de-Travers zu entdecken!<!--more--><\/p>\n<p>Bei Einbruch der Dunkelheit, um 17.00 Uhr, treffen Sie sich im Hotel Restaurant de l\u2019Aigle in Couvet, wo Sie Ihr Wanderleiter in Empfang nehmen wird.<\/p>\n<p>Um den Abend gut zu beginnen, erwartet Sie ein kleiner Imbiss. Dies wird auch die Gelegenheit sein, die Schneeschuhe zu \u00fcberpr\u00fcfen. Diese k\u00f6nnen gemietet werden, falls Sie keine haben.<\/p>\n<p>Um 17:45 Uhr geht es los, das Abenteuer beginnt! Sobald Sie am Ort der Wanderung angekommen sind, lassen Sie sich vom Mondlicht und dem ruhigen Rhythmus Ihrer Schritte durch eine m\u00e4rchenhafte und unbekannte Winterlandschaft f\u00fchren. Die Wanderung dauert ca. 2 Stunden. Unterwegs werden Sie von einer kleinen Kostprobe regionaler Produkte und einigen Anekdoten aus der Region begleitet.<\/p>\n<p>Wir schlagen Ihnen vor, diesen magischen Moment mit einem K\u00e4sefondue oder anderen Berggerichten in einem Restaurant oder Chalet in unserer Gegend fortzusetzen.<\/p>\n<p><strong><a href=\"https:\/\/www.myvaldetravers.ch\/de\/begleitete-schneeschuhwanderung\/#\/\">Buchen Sie Ihren Ausflug Online!<\/a><\/strong><\/p>\n<h3>GUT ZU WISSEN<\/h3>\n<ul>\n<li>Treffpunkt im H\u00f4tel-Restaurant de l\u2019Aigle um 17.00 Uhr, Einstellung der Schneeschuhe im Warmen und kleiner Imbiss<\/li>\n<li>Bringen Sie Ihre pers\u00f6nliche Winterausr\u00fcstung mit (einschlie\u00dflich einer Stirnlampe).<\/li>\n<li>Wanderung von etwa 2 Stunden. Strecke von maximal 4 km. Niveau: leicht<\/li>\n<li>Bei geringem Schneefall wird eine Fackelwanderung angeboten.<\/li>\n<li>Vom H\u00f4tel de l\u2019Aigle aus Fahrt mit Privatautos zum Ort der Wanderung (Pl\u00e4tze f\u00fcr nicht motorisierte Personen verf\u00fcgbar, bitte melden Sie Ihre Bed\u00fcrfnisse bei der Buchung an).<\/li>\n<li>Anreise mit \u00f6ffentlichen Verkehrsmitteln m\u00f6glich, da der Zug Sie nur wenige Schritte vom H\u00f4tel-Restaurant de l\u2019Aigle entfernt absetzt.<\/li>\n<\/ul>\n<h3>OPTIONEN F\u00dcR DEN SPAZIERGANG<\/h3>\n<p>Sie haben vier M\u00f6glichkeiten:<\/p>\n<ul>\n<li>Option 1: Nur die Wanderung<\/li>\n<li>Option 2: Wanderung mit Verleih von Schneeschuhen und Wanderst\u00f6cken<\/li>\n<li>Option 3: Wanderung mit Fondue<\/li>\n<li>Option 4: Wanderung mit Verleih und Fondue<\/li>\n<\/ul>\n<h3>DIE DATUM<\/h3>\n<ul>\n<li>1. Februar 2025<\/li>\n<li>15. Februar 2025<\/li>\n<\/ul>\n","protected":false},"excerpt":{"rendered":"<p>Vergessen Sie alle Sorgen, schnallen Sie sich Ihre Schneeschuhe an und folgen Sie unserem F\u00fchrer, um die verschneiten Landschaften des Val-de-Travers zu entdecken!<\/p>\n","protected":false},"author":73,"featured_media":9894,"comment_status":"closed","ping_status":"closed","sticky":false,"template":"","format":"standard","meta":{"footnotes":"","mc4wp_mailchimp_campaign":[]},"categories":[70],"tags":[],"yoast_head":"<!-- This site is optimized with the Yoast SEO plugin v23.5 - https:\/\/yoast.com\/wordpress\/plugins\/seo\/ -->\n<title>In diesem Winter sollten Sie Ihre Schneeschuhe auspacken! - Destination Val-de-Travers<\/title>\n<meta name=\"description\" content=\"Vergessen Sie alle Sorgen, schnallen Sie sich Ihre Schneeschuhe an und folgen Sie unserem F\u00fchrer, um die verschneiten Landschaften des Val-de-Travers zu entdecken!\" \/>\n<meta name=\"robots\" content=\"index, follow, max-snippet:-1, max-image-preview:large, max-video-preview:-1\" \/>\n<link rel=\"canonical\" href=\"https:\/\/www.myvaldetravers.ch\/de\/2024\/11\/20\/schneeschuh\/\" \/>\n<meta property=\"og:locale\" content=\"de_DE\" \/>\n<meta property=\"og:type\" content=\"article\" \/>\n<meta property=\"og:title\" content=\"In diesem Winter sollten Sie Ihre Schneeschuhe auspacken! - Destination Val-de-Travers\" \/>\n<meta property=\"og:description\" content=\"Vergessen Sie alle Sorgen, schnallen Sie sich Ihre Schneeschuhe an und folgen Sie unserem F\u00fchrer, um die verschneiten Landschaften des Val-de-Travers zu entdecken!\" \/>\n<meta property=\"og:url\" content=\"https:\/\/www.myvaldetravers.ch\/de\/2024\/11\/20\/schneeschuh\/\" \/>\n<meta property=\"og:site_name\" content=\"Destination Val-de-Travers\" \/>\n<meta property=\"article:publisher\" content=\"https:\/\/www.facebook.com\/DestinationValdeTravers\/\" \/>\n<meta property=\"article:published_time\" content=\"2024-11-20T08:00:02+00:00\" \/>\n<meta property=\"article:modified_time\" content=\"2024-11-20T08:58:45+00:00\" \/>\n<meta property=\"og:image\" content=\"https:\/\/www.myvaldetravers.ch\/wp-content\/uploads\/2022\/11\/160117_Jeannets_GM034-scaled.jpg\" \/>\n\t<meta property=\"og:image:width\" content=\"2560\" \/>\n\t<meta property=\"og:image:height\" content=\"1707\" \/>\n\t<meta property=\"og:image:type\" content=\"image\/jpeg\" \/>\n<meta name=\"author\" content=\"Destination Val-de-Travers\" \/>\n<meta name=\"twitter:card\" content=\"summary_large_image\" \/>\n<meta name=\"twitter:label1\" content=\"Verfasst von\" \/>\n\t<meta name=\"twitter:data1\" content=\"Destination Val-de-Travers\" \/>\n\t<meta name=\"twitter:label2\" content=\"Gesch\u00e4tzte Lesezeit\" \/>\n\t<meta name=\"twitter:data2\" content=\"2\u00a0Minuten\" \/>\n<script type=\"application\/ld+json\" class=\"yoast-schema-graph\">{\"@context\":\"https:\/\/schema.org\",\"@graph\":[{\"@type\":\"WebPage\",\"@id\":\"https:\/\/www.myvaldetravers.ch\/de\/2024\/11\/20\/schneeschuh\/\",\"url\":\"https:\/\/www.myvaldetravers.ch\/de\/2024\/11\/20\/schneeschuh\/\",\"name\":\"In diesem Winter sollten Sie Ihre Schneeschuhe auspacken! - Destination Val-de-Travers\",\"isPartOf\":{\"@id\":\"https:\/\/www.myvaldetravers.ch\/de\/#website\"},\"primaryImageOfPage\":{\"@id\":\"https:\/\/www.myvaldetravers.ch\/de\/2024\/11\/20\/schneeschuh\/#primaryimage\"},\"image\":{\"@id\":\"https:\/\/www.myvaldetravers.ch\/de\/2024\/11\/20\/schneeschuh\/#primaryimage\"},\"thumbnailUrl\":\"https:\/\/www.myvaldetravers.ch\/wp-content\/uploads\/2022\/11\/160117_Jeannets_GM034-scaled.jpg\",\"datePublished\":\"2024-11-20T08:00:02+00:00\",\"dateModified\":\"2024-11-20T08:58:45+00:00\",\"author\":{\"@id\":\"https:\/\/www.myvaldetravers.ch\/de\/#\/schema\/person\/8f4015e238574292b9fabbf4191412c6\"},\"description\":\"Vergessen Sie alle Sorgen, schnallen Sie sich Ihre Schneeschuhe an und folgen Sie unserem F\u00fchrer, um die verschneiten Landschaften des Val-de-Travers zu entdecken!\",\"breadcrumb\":{\"@id\":\"https:\/\/www.myvaldetravers.ch\/de\/2024\/11\/20\/schneeschuh\/#breadcrumb\"},\"inLanguage\":\"de\",\"potentialAction\":[{\"@type\":\"ReadAction\",\"target\":[\"https:\/\/www.myvaldetravers.ch\/de\/2024\/11\/20\/schneeschuh\/\"]}]},{\"@type\":\"ImageObject\",\"inLanguage\":\"de\",\"@id\":\"https:\/\/www.myvaldetravers.ch\/de\/2024\/11\/20\/schneeschuh\/#primaryimage\",\"url\":\"https:\/\/www.myvaldetravers.ch\/wp-content\/uploads\/2022\/11\/160117_Jeannets_GM034-scaled.jpg\",\"contentUrl\":\"https:\/\/www.myvaldetravers.ch\/wp-content\/uploads\/2022\/11\/160117_Jeannets_GM034-scaled.jpg\",\"width\":2560,\"height\":1707,\"caption\":\"OLYMPUS DIGITAL CAMERA\"},{\"@type\":\"BreadcrumbList\",\"@id\":\"https:\/\/www.myvaldetravers.ch\/de\/2024\/11\/20\/schneeschuh\/#breadcrumb\",\"itemListElement\":[{\"@type\":\"ListItem\",\"position\":1,\"name\":\"Accueil\",\"item\":\"https:\/\/www.myvaldetravers.ch\/de\/\"},{\"@type\":\"ListItem\",\"position\":2,\"name\":\"In diesem Winter sollten Sie Ihre Schneeschuhe auspacken!\"}]},{\"@type\":\"WebSite\",\"@id\":\"https:\/\/www.myvaldetravers.ch\/de\/#website\",\"url\":\"https:\/\/www.myvaldetravers.ch\/de\/\",\"name\":\"Destination Val-de-Travers\",\"description\":\"Il y a toujours quelque chose \u00e0 faire au Val-de-Travers.\",\"potentialAction\":[{\"@type\":\"SearchAction\",\"target\":{\"@type\":\"EntryPoint\",\"urlTemplate\":\"https:\/\/www.myvaldetravers.ch\/de\/?s={search_term_string}\"},\"query-input\":{\"@type\":\"PropertyValueSpecification\",\"valueRequired\":true,\"valueName\":\"search_term_string\"}}],\"inLanguage\":\"de\"},{\"@type\":\"Person\",\"@id\":\"https:\/\/www.myvaldetravers.ch\/de\/#\/schema\/person\/8f4015e238574292b9fabbf4191412c6\",\"name\":\"Destination Val-de-Travers\",\"image\":{\"@type\":\"ImageObject\",\"inLanguage\":\"de\",\"@id\":\"https:\/\/www.myvaldetravers.ch\/de\/#\/schema\/person\/image\/\",\"url\":\"https:\/\/secure.gravatar.com\/avatar\/71ca343ecfe74cc1b3fa4bf8e0f4ccb7?s=96&d=mm&r=g\",\"contentUrl\":\"https:\/\/secure.gravatar.com\/avatar\/71ca343ecfe74cc1b3fa4bf8e0f4ccb7?s=96&d=mm&r=g\",\"caption\":\"Destination Val-de-Travers\"},\"url\":\"https:\/\/www.myvaldetravers.ch\/de\/author\/laure\/\"}]}<\/script>\n<!-- \/ Yoast SEO plugin. -->","yoast_head_json":{"title":"In diesem Winter sollten Sie Ihre Schneeschuhe auspacken! - Destination Val-de-Travers","description":"Vergessen Sie alle Sorgen, schnallen Sie sich Ihre Schneeschuhe an und folgen Sie unserem F\u00fchrer, um die verschneiten Landschaften des Val-de-Travers zu entdecken!","robots":{"index":"index","follow":"follow","max-snippet":"max-snippet:-1","max-image-preview":"max-image-preview:large","max-video-preview":"max-video-preview:-1"},"canonical":"https:\/\/www.myvaldetravers.ch\/de\/2024\/11\/20\/schneeschuh\/","og_locale":"de_DE","og_type":"article","og_title":"In diesem Winter sollten Sie Ihre Schneeschuhe auspacken! - Destination Val-de-Travers","og_description":"Vergessen Sie alle Sorgen, schnallen Sie sich Ihre Schneeschuhe an und folgen Sie unserem F\u00fchrer, um die verschneiten Landschaften des Val-de-Travers zu entdecken!","og_url":"https:\/\/www.myvaldetravers.ch\/de\/2024\/11\/20\/schneeschuh\/","og_site_name":"Destination Val-de-Travers","article_publisher":"https:\/\/www.facebook.com\/DestinationValdeTravers\/","article_published_time":"2024-11-20T08:00:02+00:00","article_modified_time":"2024-11-20T08:58:45+00:00","og_image":[{"width":2560,"height":1707,"url":"https:\/\/www.myvaldetravers.ch\/wp-content\/uploads\/2022\/11\/160117_Jeannets_GM034-scaled.jpg","type":"image\/jpeg"}],"author":"Destination Val-de-Travers","twitter_card":"summary_large_image","twitter_misc":{"Verfasst von":"Destination Val-de-Travers","Gesch\u00e4tzte Lesezeit":"2\u00a0Minuten"},"schema":{"@context":"https:\/\/schema.org","@graph":[{"@type":"WebPage","@id":"https:\/\/www.myvaldetravers.ch\/de\/2024\/11\/20\/schneeschuh\/","url":"https:\/\/www.myvaldetravers.ch\/de\/2024\/11\/20\/schneeschuh\/","name":"In diesem Winter sollten Sie Ihre Schneeschuhe auspacken! - Destination Val-de-Travers","isPartOf":{"@id":"https:\/\/www.myvaldetravers.ch\/de\/#website"},"primaryImageOfPage":{"@id":"https:\/\/www.myvaldetravers.ch\/de\/2024\/11\/20\/schneeschuh\/#primaryimage"},"image":{"@id":"https:\/\/www.myvaldetravers.ch\/de\/2024\/11\/20\/schneeschuh\/#primaryimage"},"thumbnailUrl":"https:\/\/www.myvaldetravers.ch\/wp-content\/uploads\/2022\/11\/160117_Jeannets_GM034-scaled.jpg","datePublished":"2024-11-20T08:00:02+00:00","dateModified":"2024-11-20T08:58:45+00:00","author":{"@id":"https:\/\/www.myvaldetravers.ch\/de\/#\/schema\/person\/8f4015e238574292b9fabbf4191412c6"},"description":"Vergessen Sie alle Sorgen, schnallen Sie sich Ihre Schneeschuhe an und folgen Sie unserem F\u00fchrer, um die verschneiten Landschaften des Val-de-Travers zu entdecken!","breadcrumb":{"@id":"https:\/\/www.myvaldetravers.ch\/de\/2024\/11\/20\/schneeschuh\/#breadcrumb"},"inLanguage":"de","potentialAction":[{"@type":"ReadAction","target":["https:\/\/www.myvaldetravers.ch\/de\/2024\/11\/20\/schneeschuh\/"]}]},{"@type":"ImageObject","inLanguage":"de","@id":"https:\/\/www.myvaldetravers.ch\/de\/2024\/11\/20\/schneeschuh\/#primaryimage","url":"https:\/\/www.myvaldetravers.ch\/wp-content\/uploads\/2022\/11\/160117_Jeannets_GM034-scaled.jpg","contentUrl":"https:\/\/www.myvaldetravers.ch\/wp-content\/uploads\/2022\/11\/160117_Jeannets_GM034-scaled.jpg","width":2560,"height":1707,"caption":"OLYMPUS DIGITAL CAMERA"},{"@type":"BreadcrumbList","@id":"https:\/\/www.myvaldetravers.ch\/de\/2024\/11\/20\/schneeschuh\/#breadcrumb","itemListElement":[{"@type":"ListItem","position":1,"name":"Accueil","item":"https:\/\/www.myvaldetravers.ch\/de\/"},{"@type":"ListItem","position":2,"name":"In diesem Winter sollten Sie Ihre Schneeschuhe auspacken!"}]},{"@type":"WebSite","@id":"https:\/\/www.myvaldetravers.ch\/de\/#website","url":"https:\/\/www.myvaldetravers.ch\/de\/","name":"Destination Val-de-Travers","description":"Il y a toujours quelque chose \u00e0 faire au Val-de-Travers.","potentialAction":[{"@type":"SearchAction","target":{"@type":"EntryPoint","urlTemplate":"https:\/\/www.myvaldetravers.ch\/de\/?s={search_term_string}"},"query-input":{"@type":"PropertyValueSpecification","valueRequired":true,"valueName":"search_term_string"}}],"inLanguage":"de"},{"@type":"Person","@id":"https:\/\/www.myvaldetravers.ch\/de\/#\/schema\/person\/8f4015e238574292b9fabbf4191412c6","name":"Destination Val-de-Travers","image":{"@type":"ImageObject","inLanguage":"de","@id":"https:\/\/www.myvaldetravers.ch\/de\/#\/schema\/person\/image\/","url":"https:\/\/secure.gravatar.com\/avatar\/71ca343ecfe74cc1b3fa4bf8e0f4ccb7?s=96&d=mm&r=g","contentUrl":"https:\/\/secure.gravatar.com\/avatar\/71ca343ecfe74cc1b3fa4bf8e0f4ccb7?s=96&d=mm&r=g","caption":"Destination Val-de-Travers"},"url":"https:\/\/www.myvaldetravers.ch\/de\/author\/laure\/"}]}},"_links":{"self":[{"href":"https:\/\/www.myvaldetravers.ch\/de\/wp-json\/wp\/v2\/posts\/10092"}],"collection":[{"href":"https:\/\/www.myvaldetravers.ch\/de\/wp-json\/wp\/v2\/posts"}],"about":[{"href":"https:\/\/www.myvaldetravers.ch\/de\/wp-json\/wp\/v2\/types\/post"}],"author":[{"embeddable":true,"href":"https:\/\/www.myvaldetravers.ch\/de\/wp-json\/wp\/v2\/users\/73"}],"replies":[{"embeddable":true,"href":"https:\/\/www.myvaldetravers.ch\/de\/wp-json\/wp\/v2\/comments?post=10092"}],"version-history":[{"count":3,"href":"https:\/\/www.myvaldetravers.ch\/de\/wp-json\/wp\/v2\/posts\/10092\/revisions"}],"predecessor-version":[{"id":13474,"href":"https:\/\/www.myvaldetravers.ch\/de\/wp-json\/wp\/v2\/posts\/10092\/revisions\/13474"}],"wp:featuredmedia":[{"embeddable":true,"href":"https:\/\/www.myvaldetravers.ch\/de\/wp-json\/wp\/v2\/media\/9894"}],"wp:attachment":[{"href":"https:\/\/www.myvaldetravers.ch\/de\/wp-json\/wp\/v2\/media?parent=10092"}],"wp:term":[{"taxonomy":"category","embeddable":true,"href":"https:\/\/www.myvaldetravers.ch\/de\/wp-json\/wp\/v2\/categories?post=10092"},{"taxonomy":"post_tag","embeddable":true,"href":"https:\/\/www.myvaldetravers.ch\/de\/wp-json\/wp\/v2\/tags?post=10092"}],"curies":[{"name":"wp","href":"https:\/\/api.w.org\/{rel}","templated":true}]}}