{"id":10295,"date":"2025-01-16T14:15:55","date_gmt":"2025-01-16T13:15:55","guid":{"rendered":"https:\/\/www.myvaldetravers.ch\/?p=10295"},"modified":"2026-01-26T14:54:17","modified_gmt":"2026-01-26T13:54:17","slug":"der-valentinstag-im-val-de-travers","status":"publish","type":"post","link":"https:\/\/www.myvaldetravers.ch\/de\/2025\/01\/16\/der-valentinstag-im-val-de-travers\/","title":{"rendered":"Der Valentinstag im Val-de-Travers"},"content":{"rendered":"<h2>Men\u00fcs am Valentinstag<!--more--><\/h2>\n<p>Viele Restaurants bieten spezielle Men\u00fcs f\u00fcr den Valentinstag an! Entdecken Sie sie unten und verbringen Sie eine romantische Zeit mit Ihrer besseren H\u00e4lfte!<\/p>\n<h5>Im H\u00f4tel de l&#8217;Aigle<\/h5>\n<p>Amuse-bouche<br \/>\n***<br \/>\nTerrine von frischem und ger\u00e4uchertem Lachs mit Gem\u00fcse<br data-start=\"206\" data-end=\"209\" \/>Gr\u00fcner Salat<br \/>\n***<br \/>\nMit Pilzen gef\u00fcllte Ravioli<br data-start=\"281\" data-end=\"284\" \/>Rahmsauce<br \/>\n***<br \/>\nKalbsfilet bei niedriger Temperatur gegart<br data-start=\"365\" data-end=\"368\" \/>Sauce B\u00e9arnaise<br data-start=\"383\" data-end=\"386\" \/>Kartoffelgratin<br data-start=\"401\" data-end=\"404\" \/>Zarte Karotten<br \/>\n***<br \/>\nSchwimmende Insel (\u00cele flottante)<\/p>\n<p>Men\u00fc: CHF 69.00<\/p>\n<p>Das Hotel bietet Ihnen die M\u00f6glichkeit, Ihren Aufenthalt mit einem <strong>speziellen Paket<\/strong> zu verl\u00e4ngern, das verschiedene Aufmerksamkeiten und Erm\u00e4\u00dfigungen zum Preis von CHF 349.00 (eine \u00dcbernachtung f\u00fcr zwei Personen und ein Abendessen am Freitagabend inbegriffen) umfasst. Finden Sie alle Informationen und buchen Sie direkt <a href=\"https:\/\/www.hotel-aigle.ch\/de\/valentinstagsangebot\/\">hier<\/a>.<\/p>\n<p>&nbsp;<\/p>\n<h5>Im H\u00f4tel des Cernets<\/h5>\n<p>Kleiner Salat mit Garnelen und Jakobsmuscheln<br \/>\nRosa Grapefruit und Avocado<br \/>\n***<br \/>\nLangsam gegartes Kalbsfilet<br \/>\nMango-Chutney-Sauce<br \/>\nCremiges Risotto<br \/>\nFarandole aus frischem Gem\u00fcse<br \/>\n***<br \/>\nSaftige Schokoladen-Ingwer-Tarte<br \/>\nKugel Passionsfruchteis<\/p>\n<p>Men\u00fc CHF 59.00<\/p>\n<p>&nbsp;<\/p>\n<h5>In der Auberge de Noiraigue<\/h5>\n<p>Bl\u00e4tterteigpastete mit Morcheln<br \/>\noder<br \/>\nIsl\u00e4ndische Roulade mit zwei Lachsarten<br \/>\n***<br \/>\nMango-Sorbet nach brasilianischer Art<br \/>\n***<br \/>\nRinderfilet-Medaillons Rossini<br \/>\nS\u00fc\u00dfkartoffelp\u00fcree<br \/>\nGem\u00fcse vom Markt<br \/>\n***<br \/>\nK\u00e4se aus unserer Region<br \/>\n***<br \/>\nEis-Nougat mit Erdbeer-Tagada und Pistazie<\/p>\n<p>Komplettes Men\u00fc CHF 75.00<br \/>\nOhne Sorbet oder K\u00e4se CHF 70.00<br \/>\nOhne Sorbet und K\u00e4se CHF 65.00<\/p>\n<p><strong>Verl\u00e4ngern<\/strong> Sie Ihren Valentinstag in der Auberge de Noiraigue! und Geniessen Sie einen <b>romantischen Aufenthalt<\/b> in unseren komfortablen Zimmern mit Zugang zur Sauna.<\/p>\n<p>&nbsp;<\/p>\n<h5>Im H\u00f4tel de Ville &#8211; Salt &amp; Pepper<\/h5>\n<p>Amuse-bouche<br \/>\nH\u00e4hnchenspiess und K\u00fcrbiscremesuppe<br \/>\n***<br \/>\nVegetarische Tapas-Platte zum Teilen<br \/>\n***<br \/>\nRosa Angus-Steak, Rotweinreduktion<br \/>\nBuntes Gem\u00fcse<br \/>\nPommes frites<br \/>\noder<br \/>\nTartar aus ger\u00e4uchertem Lachs auf Avocadobett<br \/>\nGer\u00f6stete Toasts<br \/>\nGemischter Salat<br \/>\nPommes frites<br \/>\n***<br \/>\nLauwarmer Brownie, Schokoladensauce und Vanilleeis, dazu exotische Fr\u00fcchte<\/p>\n<p>Komplettes Men\u00fc CHF 45.00<\/p>\n","protected":false},"excerpt":{"rendered":"<p>Men\u00fcs am Valentinstag<\/p>\n","protected":false},"author":73,"featured_media":10298,"comment_status":"closed","ping_status":"closed","sticky":false,"template":"","format":"standard","meta":{"footnotes":"","mc4wp_mailchimp_campaign":[]},"categories":[70],"tags":[],"yoast_head":"<!-- This site is optimized with the Yoast SEO plugin v23.5 - https:\/\/yoast.com\/wordpress\/plugins\/seo\/ -->\n<title>Valentinstag | Destination Val-de-Travers<\/title>\n<meta name=\"description\" content=\"Was passiert im Val-de-Travers am Valentinstag? Mehrere Restaurants bieten Ihnen Men\u00fcs f\u00fcr einen romantischen Moment an.\" \/>\n<meta name=\"robots\" content=\"index, follow, max-snippet:-1, max-image-preview:large, max-video-preview:-1\" \/>\n<link rel=\"canonical\" href=\"https:\/\/www.myvaldetravers.ch\/de\/2025\/01\/16\/der-valentinstag-im-val-de-travers\/\" \/>\n<meta property=\"og:locale\" content=\"de_DE\" \/>\n<meta property=\"og:type\" content=\"article\" \/>\n<meta property=\"og:title\" content=\"Valentinstag | Destination Val-de-Travers\" \/>\n<meta property=\"og:description\" content=\"Was passiert im Val-de-Travers am Valentinstag? Mehrere Restaurants bieten Ihnen Men\u00fcs f\u00fcr einen romantischen Moment an.\" \/>\n<meta property=\"og:url\" content=\"https:\/\/www.myvaldetravers.ch\/de\/2025\/01\/16\/der-valentinstag-im-val-de-travers\/\" \/>\n<meta property=\"og:site_name\" content=\"Destination Val-de-Travers\" \/>\n<meta property=\"article:publisher\" content=\"https:\/\/www.facebook.com\/DestinationValdeTravers\/\" \/>\n<meta property=\"article:published_time\" content=\"2025-01-16T13:15:55+00:00\" \/>\n<meta property=\"article:modified_time\" content=\"2026-01-26T13:54:17+00:00\" \/>\n<meta property=\"og:image\" content=\"https:\/\/www.myvaldetravers.ch\/wp-content\/uploads\/2023\/01\/saint-valentin-1051x725-1.jpg\" \/>\n\t<meta property=\"og:image:width\" content=\"1051\" \/>\n\t<meta property=\"og:image:height\" content=\"725\" \/>\n\t<meta property=\"og:image:type\" content=\"image\/jpeg\" \/>\n<meta name=\"author\" content=\"Destination Val-de-Travers\" \/>\n<meta name=\"twitter:card\" content=\"summary_large_image\" \/>\n<meta name=\"twitter:label1\" content=\"Verfasst von\" \/>\n\t<meta name=\"twitter:data1\" content=\"Destination Val-de-Travers\" \/>\n\t<meta name=\"twitter:label2\" content=\"Gesch\u00e4tzte Lesezeit\" \/>\n\t<meta name=\"twitter:data2\" content=\"2\u00a0Minuten\" \/>\n<script type=\"application\/ld+json\" class=\"yoast-schema-graph\">{\"@context\":\"https:\/\/schema.org\",\"@graph\":[{\"@type\":\"WebPage\",\"@id\":\"https:\/\/www.myvaldetravers.ch\/de\/2025\/01\/16\/der-valentinstag-im-val-de-travers\/\",\"url\":\"https:\/\/www.myvaldetravers.ch\/de\/2025\/01\/16\/der-valentinstag-im-val-de-travers\/\",\"name\":\"Valentinstag | Destination Val-de-Travers\",\"isPartOf\":{\"@id\":\"https:\/\/www.myvaldetravers.ch\/de\/#website\"},\"primaryImageOfPage\":{\"@id\":\"https:\/\/www.myvaldetravers.ch\/de\/2025\/01\/16\/der-valentinstag-im-val-de-travers\/#primaryimage\"},\"image\":{\"@id\":\"https:\/\/www.myvaldetravers.ch\/de\/2025\/01\/16\/der-valentinstag-im-val-de-travers\/#primaryimage\"},\"thumbnailUrl\":\"https:\/\/www.myvaldetravers.ch\/wp-content\/uploads\/2023\/01\/saint-valentin-1051x725-1.jpg\",\"datePublished\":\"2025-01-16T13:15:55+00:00\",\"dateModified\":\"2026-01-26T13:54:17+00:00\",\"author\":{\"@id\":\"https:\/\/www.myvaldetravers.ch\/de\/#\/schema\/person\/8f4015e238574292b9fabbf4191412c6\"},\"description\":\"Was passiert im Val-de-Travers am Valentinstag? Mehrere Restaurants bieten Ihnen Men\u00fcs f\u00fcr einen romantischen Moment an.\",\"breadcrumb\":{\"@id\":\"https:\/\/www.myvaldetravers.ch\/de\/2025\/01\/16\/der-valentinstag-im-val-de-travers\/#breadcrumb\"},\"inLanguage\":\"de\",\"potentialAction\":[{\"@type\":\"ReadAction\",\"target\":[\"https:\/\/www.myvaldetravers.ch\/de\/2025\/01\/16\/der-valentinstag-im-val-de-travers\/\"]}]},{\"@type\":\"ImageObject\",\"inLanguage\":\"de\",\"@id\":\"https:\/\/www.myvaldetravers.ch\/de\/2025\/01\/16\/der-valentinstag-im-val-de-travers\/#primaryimage\",\"url\":\"https:\/\/www.myvaldetravers.ch\/wp-content\/uploads\/2023\/01\/saint-valentin-1051x725-1.jpg\",\"contentUrl\":\"https:\/\/www.myvaldetravers.ch\/wp-content\/uploads\/2023\/01\/saint-valentin-1051x725-1.jpg\",\"width\":1051,\"height\":725},{\"@type\":\"BreadcrumbList\",\"@id\":\"https:\/\/www.myvaldetravers.ch\/de\/2025\/01\/16\/der-valentinstag-im-val-de-travers\/#breadcrumb\",\"itemListElement\":[{\"@type\":\"ListItem\",\"position\":1,\"name\":\"Accueil\",\"item\":\"https:\/\/www.myvaldetravers.ch\/de\/\"},{\"@type\":\"ListItem\",\"position\":2,\"name\":\"Der Valentinstag im Val-de-Travers\"}]},{\"@type\":\"WebSite\",\"@id\":\"https:\/\/www.myvaldetravers.ch\/de\/#website\",\"url\":\"https:\/\/www.myvaldetravers.ch\/de\/\",\"name\":\"Destination Val-de-Travers\",\"description\":\"Il y a toujours quelque chose \u00e0 faire au Val-de-Travers.\",\"potentialAction\":[{\"@type\":\"SearchAction\",\"target\":{\"@type\":\"EntryPoint\",\"urlTemplate\":\"https:\/\/www.myvaldetravers.ch\/de\/?s={search_term_string}\"},\"query-input\":{\"@type\":\"PropertyValueSpecification\",\"valueRequired\":true,\"valueName\":\"search_term_string\"}}],\"inLanguage\":\"de\"},{\"@type\":\"Person\",\"@id\":\"https:\/\/www.myvaldetravers.ch\/de\/#\/schema\/person\/8f4015e238574292b9fabbf4191412c6\",\"name\":\"Destination Val-de-Travers\",\"image\":{\"@type\":\"ImageObject\",\"inLanguage\":\"de\",\"@id\":\"https:\/\/www.myvaldetravers.ch\/de\/#\/schema\/person\/image\/\",\"url\":\"https:\/\/secure.gravatar.com\/avatar\/71ca343ecfe74cc1b3fa4bf8e0f4ccb7?s=96&d=mm&r=g\",\"contentUrl\":\"https:\/\/secure.gravatar.com\/avatar\/71ca343ecfe74cc1b3fa4bf8e0f4ccb7?s=96&d=mm&r=g\",\"caption\":\"Destination Val-de-Travers\"},\"url\":\"https:\/\/www.myvaldetravers.ch\/de\/author\/laure\/\"}]}<\/script>\n<!-- \/ Yoast SEO plugin. -->","yoast_head_json":{"title":"Valentinstag | Destination Val-de-Travers","description":"Was passiert im Val-de-Travers am Valentinstag? Mehrere Restaurants bieten Ihnen Men\u00fcs f\u00fcr einen romantischen Moment an.","robots":{"index":"index","follow":"follow","max-snippet":"max-snippet:-1","max-image-preview":"max-image-preview:large","max-video-preview":"max-video-preview:-1"},"canonical":"https:\/\/www.myvaldetravers.ch\/de\/2025\/01\/16\/der-valentinstag-im-val-de-travers\/","og_locale":"de_DE","og_type":"article","og_title":"Valentinstag | Destination Val-de-Travers","og_description":"Was passiert im Val-de-Travers am Valentinstag? Mehrere Restaurants bieten Ihnen Men\u00fcs f\u00fcr einen romantischen Moment an.","og_url":"https:\/\/www.myvaldetravers.ch\/de\/2025\/01\/16\/der-valentinstag-im-val-de-travers\/","og_site_name":"Destination Val-de-Travers","article_publisher":"https:\/\/www.facebook.com\/DestinationValdeTravers\/","article_published_time":"2025-01-16T13:15:55+00:00","article_modified_time":"2026-01-26T13:54:17+00:00","og_image":[{"width":1051,"height":725,"url":"https:\/\/www.myvaldetravers.ch\/wp-content\/uploads\/2023\/01\/saint-valentin-1051x725-1.jpg","type":"image\/jpeg"}],"author":"Destination Val-de-Travers","twitter_card":"summary_large_image","twitter_misc":{"Verfasst von":"Destination Val-de-Travers","Gesch\u00e4tzte Lesezeit":"2\u00a0Minuten"},"schema":{"@context":"https:\/\/schema.org","@graph":[{"@type":"WebPage","@id":"https:\/\/www.myvaldetravers.ch\/de\/2025\/01\/16\/der-valentinstag-im-val-de-travers\/","url":"https:\/\/www.myvaldetravers.ch\/de\/2025\/01\/16\/der-valentinstag-im-val-de-travers\/","name":"Valentinstag | Destination Val-de-Travers","isPartOf":{"@id":"https:\/\/www.myvaldetravers.ch\/de\/#website"},"primaryImageOfPage":{"@id":"https:\/\/www.myvaldetravers.ch\/de\/2025\/01\/16\/der-valentinstag-im-val-de-travers\/#primaryimage"},"image":{"@id":"https:\/\/www.myvaldetravers.ch\/de\/2025\/01\/16\/der-valentinstag-im-val-de-travers\/#primaryimage"},"thumbnailUrl":"https:\/\/www.myvaldetravers.ch\/wp-content\/uploads\/2023\/01\/saint-valentin-1051x725-1.jpg","datePublished":"2025-01-16T13:15:55+00:00","dateModified":"2026-01-26T13:54:17+00:00","author":{"@id":"https:\/\/www.myvaldetravers.ch\/de\/#\/schema\/person\/8f4015e238574292b9fabbf4191412c6"},"description":"Was passiert im Val-de-Travers am Valentinstag? Mehrere Restaurants bieten Ihnen Men\u00fcs f\u00fcr einen romantischen Moment an.","breadcrumb":{"@id":"https:\/\/www.myvaldetravers.ch\/de\/2025\/01\/16\/der-valentinstag-im-val-de-travers\/#breadcrumb"},"inLanguage":"de","potentialAction":[{"@type":"ReadAction","target":["https:\/\/www.myvaldetravers.ch\/de\/2025\/01\/16\/der-valentinstag-im-val-de-travers\/"]}]},{"@type":"ImageObject","inLanguage":"de","@id":"https:\/\/www.myvaldetravers.ch\/de\/2025\/01\/16\/der-valentinstag-im-val-de-travers\/#primaryimage","url":"https:\/\/www.myvaldetravers.ch\/wp-content\/uploads\/2023\/01\/saint-valentin-1051x725-1.jpg","contentUrl":"https:\/\/www.myvaldetravers.ch\/wp-content\/uploads\/2023\/01\/saint-valentin-1051x725-1.jpg","width":1051,"height":725},{"@type":"BreadcrumbList","@id":"https:\/\/www.myvaldetravers.ch\/de\/2025\/01\/16\/der-valentinstag-im-val-de-travers\/#breadcrumb","itemListElement":[{"@type":"ListItem","position":1,"name":"Accueil","item":"https:\/\/www.myvaldetravers.ch\/de\/"},{"@type":"ListItem","position":2,"name":"Der Valentinstag im Val-de-Travers"}]},{"@type":"WebSite","@id":"https:\/\/www.myvaldetravers.ch\/de\/#website","url":"https:\/\/www.myvaldetravers.ch\/de\/","name":"Destination Val-de-Travers","description":"Il y a toujours quelque chose \u00e0 faire au Val-de-Travers.","potentialAction":[{"@type":"SearchAction","target":{"@type":"EntryPoint","urlTemplate":"https:\/\/www.myvaldetravers.ch\/de\/?s={search_term_string}"},"query-input":{"@type":"PropertyValueSpecification","valueRequired":true,"valueName":"search_term_string"}}],"inLanguage":"de"},{"@type":"Person","@id":"https:\/\/www.myvaldetravers.ch\/de\/#\/schema\/person\/8f4015e238574292b9fabbf4191412c6","name":"Destination Val-de-Travers","image":{"@type":"ImageObject","inLanguage":"de","@id":"https:\/\/www.myvaldetravers.ch\/de\/#\/schema\/person\/image\/","url":"https:\/\/secure.gravatar.com\/avatar\/71ca343ecfe74cc1b3fa4bf8e0f4ccb7?s=96&d=mm&r=g","contentUrl":"https:\/\/secure.gravatar.com\/avatar\/71ca343ecfe74cc1b3fa4bf8e0f4ccb7?s=96&d=mm&r=g","caption":"Destination Val-de-Travers"},"url":"https:\/\/www.myvaldetravers.ch\/de\/author\/laure\/"}]}},"_links":{"self":[{"href":"https:\/\/www.myvaldetravers.ch\/de\/wp-json\/wp\/v2\/posts\/10295"}],"collection":[{"href":"https:\/\/www.myvaldetravers.ch\/de\/wp-json\/wp\/v2\/posts"}],"about":[{"href":"https:\/\/www.myvaldetravers.ch\/de\/wp-json\/wp\/v2\/types\/post"}],"author":[{"embeddable":true,"href":"https:\/\/www.myvaldetravers.ch\/de\/wp-json\/wp\/v2\/users\/73"}],"replies":[{"embeddable":true,"href":"https:\/\/www.myvaldetravers.ch\/de\/wp-json\/wp\/v2\/comments?post=10295"}],"version-history":[{"count":13,"href":"https:\/\/www.myvaldetravers.ch\/de\/wp-json\/wp\/v2\/posts\/10295\/revisions"}],"predecessor-version":[{"id":14737,"href":"https:\/\/www.myvaldetravers.ch\/de\/wp-json\/wp\/v2\/posts\/10295\/revisions\/14737"}],"wp:featuredmedia":[{"embeddable":true,"href":"https:\/\/www.myvaldetravers.ch\/de\/wp-json\/wp\/v2\/media\/10298"}],"wp:attachment":[{"href":"https:\/\/www.myvaldetravers.ch\/de\/wp-json\/wp\/v2\/media?parent=10295"}],"wp:term":[{"taxonomy":"category","embeddable":true,"href":"https:\/\/www.myvaldetravers.ch\/de\/wp-json\/wp\/v2\/categories?post=10295"},{"taxonomy":"post_tag","embeddable":true,"href":"https:\/\/www.myvaldetravers.ch\/de\/wp-json\/wp\/v2\/tags?post=10295"}],"curies":[{"name":"wp","href":"https:\/\/api.w.org\/{rel}","templated":true}]}}