{"id":10521,"date":"2023-05-15T10:23:26","date_gmt":"2023-05-15T08:23:26","guid":{"rendered":"https:\/\/www.myvaldetravers.ch\/?p=10521"},"modified":"2023-05-15T11:22:54","modified_gmt":"2023-05-15T09:22:54","slug":"die-sommerfestivals-im-val-de-travers","status":"publish","type":"post","link":"https:\/\/www.myvaldetravers.ch\/de\/2023\/05\/15\/die-sommerfestivals-im-val-de-travers\/","title":{"rendered":"Die Sommerfestivals im Val-de-Travers"},"content":{"rendered":"<h2>Sommer, die Zeit der Festivals im Val-de-Travers<\/h2>\n<p>Mehrere Festivals bestimmen den Sommer im Val-de-Travers von Mai bis August!<br \/>\n<!--more--><\/p>\n<p>Die Saison beginnt im Mai mit dem <strong><a href=\"https:\/\/moodfestival.ch\/infos\/\" target=\"_blank\" rel=\"noopener\">Mood Festival<\/a><\/strong>, das vom <strong>6. bis 7. Mai 2023<\/strong> auf dem Place Longereuse in Fleurier stattfindet. Das Konzept des Mood Festivals? Foodtrucks aus der ganzen Schweiz, Live-Musik, Bars und viel Unterhaltung f\u00fcr Kinder!<\/p>\n<p>Im Juli findet dann vom <strong>6. bis 8. Juli 2023<\/strong> zum ersten Mal das Musikfestival <strong><a href=\"https:\/\/trouble-a.ch\/\" target=\"_blank\" rel=\"noopener\">Trouble A<\/a> <\/strong>statt. Die B\u00fchne besteht zu 100 % aus Schweizer K\u00fcnstlern, die auf den beiden B\u00fchnen mit den klangvollen Namen Artemisia und L&#8217;Heure Bleue auftreten werden, sowie aus bekannten und aufstrebenden K\u00fcnstlern. Das<a href=\"https:\/\/trouble-a.ch\/programmation-par-artiste\/\" target=\"_blank\" rel=\"noopener\"> Programm<\/a> und der <a href=\"https:\/\/trouble-a.ch\/billetterie\/\" target=\"_blank\" rel=\"noopener\">Ticketverkauf<\/a> sind bereits online!<\/p>\n<p>Anfang August, vom <strong>3. bis 6. August 2023<\/strong>, wird das <strong><a href=\"https:\/\/horstribu.ch\/\" target=\"_blank\" rel=\"noopener\">Festival Hors Tribu<\/a><\/strong> seine Koffer f\u00fcr die 28. Ausgabe auf dem Champ du Zi in M\u00f4tiers aufstellen. Mit seinem mehrheitlich schweizerischen Programm, seiner \u00f6kologischen Verantwortung und seiner besonderen Atmosph\u00e4re k\u00f6nnen wir es kaum erwarten, die Festivalsaison in M\u00f4tiers zu beenden!<\/p>\n<p><iframe loading=\"lazy\" title=\"Vivez le festival Hors-Tribu avec nous!\" width=\"1170\" height=\"658\" src=\"https:\/\/www.youtube.com\/embed\/dfaMN9xhEgI?feature=oembed\" frameborder=\"0\" allow=\"accelerometer; autoplay; clipboard-write; encrypted-media; gyroscope; picture-in-picture; web-share\" allowfullscreen><\/iframe><\/p>\n<h5>Auf der Suche nach Freiwilligen!<\/h5>\n<p>Ein Festival ohne Freiwillige ist wie ein Absinth ohne Wasser, es funktioniert nicht sehr gut! Alle Festivals sind daher auf der Suche nach tollen Freiwilligen f\u00fcr ein paar Stunden oder mehr, wenn sie Lust haben! Z\u00f6gern Sie nicht, sie auf den entsprechenden Websites zu kontaktieren:<\/p>\n<p><a href=\"https:\/\/trouble-a.ch\/benevoles\/\" target=\"_blank\" rel=\"noopener\">Trouble A Volunteers<\/a><\/p>\n<p><a href=\"https:\/\/horstribu.ch\/benevoles\/\" target=\"_blank\" rel=\"noopener\">Hors Tribu Volunteers<\/a><\/p>\n","protected":false},"excerpt":{"rendered":"<p>Sommer, die Zeit der Festivals im Val-de-Travers Mehrere Festivals bestimmen den Sommer im Val-de-Travers von Mai bis August!<\/p>\n","protected":false},"author":73,"featured_media":5516,"comment_status":"closed","ping_status":"closed","sticky":false,"template":"","format":"standard","meta":{"footnotes":"","mc4wp_mailchimp_campaign":[]},"categories":[70],"tags":[],"yoast_head":"<!-- This site is optimized with the Yoast SEO plugin v23.5 - https:\/\/yoast.com\/wordpress\/plugins\/seo\/ -->\n<title>Die Festivals des Sommers | Destination Val-de-Travers<\/title>\n<meta name=\"description\" content=\"Der Sommer ist die Zeit der Festivals im Val-de-Travers! Von Mai bis August gibt es drei Festivals, die Sie in Bewegung bringen werden!\" \/>\n<meta name=\"robots\" content=\"index, follow, max-snippet:-1, max-image-preview:large, max-video-preview:-1\" \/>\n<link rel=\"canonical\" href=\"https:\/\/www.myvaldetravers.ch\/de\/2023\/05\/15\/die-sommerfestivals-im-val-de-travers\/\" \/>\n<meta property=\"og:locale\" content=\"de_DE\" \/>\n<meta property=\"og:type\" content=\"article\" \/>\n<meta property=\"og:title\" content=\"Die Festivals des Sommers | Destination Val-de-Travers\" \/>\n<meta property=\"og:description\" content=\"Der Sommer ist die Zeit der Festivals im Val-de-Travers! Von Mai bis August gibt es drei Festivals, die Sie in Bewegung bringen werden!\" \/>\n<meta property=\"og:url\" content=\"https:\/\/www.myvaldetravers.ch\/de\/2023\/05\/15\/die-sommerfestivals-im-val-de-travers\/\" \/>\n<meta property=\"og:site_name\" content=\"Destination Val-de-Travers\" \/>\n<meta property=\"article:publisher\" content=\"https:\/\/www.facebook.com\/DestinationValdeTravers\/\" \/>\n<meta property=\"article:published_time\" content=\"2023-05-15T08:23:26+00:00\" \/>\n<meta property=\"article:modified_time\" content=\"2023-05-15T09:22:54+00:00\" \/>\n<meta property=\"og:image\" content=\"https:\/\/www.myvaldetravers.ch\/wp-content\/uploads\/2021\/01\/HT1-1.jpg\" \/>\n\t<meta property=\"og:image:width\" content=\"1920\" \/>\n\t<meta property=\"og:image:height\" content=\"1080\" \/>\n\t<meta property=\"og:image:type\" content=\"image\/jpeg\" \/>\n<meta name=\"author\" content=\"Destination Val-de-Travers\" \/>\n<meta name=\"twitter:card\" content=\"summary_large_image\" \/>\n<meta name=\"twitter:label1\" content=\"Verfasst von\" \/>\n\t<meta name=\"twitter:data1\" content=\"Destination Val-de-Travers\" \/>\n\t<meta name=\"twitter:label2\" content=\"Gesch\u00e4tzte Lesezeit\" \/>\n\t<meta name=\"twitter:data2\" content=\"2\u00a0Minuten\" \/>\n<script type=\"application\/ld+json\" class=\"yoast-schema-graph\">{\"@context\":\"https:\/\/schema.org\",\"@graph\":[{\"@type\":\"WebPage\",\"@id\":\"https:\/\/www.myvaldetravers.ch\/de\/2023\/05\/15\/die-sommerfestivals-im-val-de-travers\/\",\"url\":\"https:\/\/www.myvaldetravers.ch\/de\/2023\/05\/15\/die-sommerfestivals-im-val-de-travers\/\",\"name\":\"Die Festivals des Sommers | Destination Val-de-Travers\",\"isPartOf\":{\"@id\":\"https:\/\/www.myvaldetravers.ch\/de\/#website\"},\"primaryImageOfPage\":{\"@id\":\"https:\/\/www.myvaldetravers.ch\/de\/2023\/05\/15\/die-sommerfestivals-im-val-de-travers\/#primaryimage\"},\"image\":{\"@id\":\"https:\/\/www.myvaldetravers.ch\/de\/2023\/05\/15\/die-sommerfestivals-im-val-de-travers\/#primaryimage\"},\"thumbnailUrl\":\"https:\/\/www.myvaldetravers.ch\/wp-content\/uploads\/2021\/01\/HT1-1.jpg\",\"datePublished\":\"2023-05-15T08:23:26+00:00\",\"dateModified\":\"2023-05-15T09:22:54+00:00\",\"author\":{\"@id\":\"https:\/\/www.myvaldetravers.ch\/de\/#\/schema\/person\/8f4015e238574292b9fabbf4191412c6\"},\"description\":\"Der Sommer ist die Zeit der Festivals im Val-de-Travers! Von Mai bis August gibt es drei Festivals, die Sie in Bewegung bringen werden!\",\"breadcrumb\":{\"@id\":\"https:\/\/www.myvaldetravers.ch\/de\/2023\/05\/15\/die-sommerfestivals-im-val-de-travers\/#breadcrumb\"},\"inLanguage\":\"de\",\"potentialAction\":[{\"@type\":\"ReadAction\",\"target\":[\"https:\/\/www.myvaldetravers.ch\/de\/2023\/05\/15\/die-sommerfestivals-im-val-de-travers\/\"]}]},{\"@type\":\"ImageObject\",\"inLanguage\":\"de\",\"@id\":\"https:\/\/www.myvaldetravers.ch\/de\/2023\/05\/15\/die-sommerfestivals-im-val-de-travers\/#primaryimage\",\"url\":\"https:\/\/www.myvaldetravers.ch\/wp-content\/uploads\/2021\/01\/HT1-1.jpg\",\"contentUrl\":\"https:\/\/www.myvaldetravers.ch\/wp-content\/uploads\/2021\/01\/HT1-1.jpg\",\"width\":1920,\"height\":1080,\"caption\":\"\u00a9 Festival Hors Tribu\"},{\"@type\":\"BreadcrumbList\",\"@id\":\"https:\/\/www.myvaldetravers.ch\/de\/2023\/05\/15\/die-sommerfestivals-im-val-de-travers\/#breadcrumb\",\"itemListElement\":[{\"@type\":\"ListItem\",\"position\":1,\"name\":\"Accueil\",\"item\":\"https:\/\/www.myvaldetravers.ch\/de\/\"},{\"@type\":\"ListItem\",\"position\":2,\"name\":\"Die Sommerfestivals im Val-de-Travers\"}]},{\"@type\":\"WebSite\",\"@id\":\"https:\/\/www.myvaldetravers.ch\/de\/#website\",\"url\":\"https:\/\/www.myvaldetravers.ch\/de\/\",\"name\":\"Destination Val-de-Travers\",\"description\":\"Il y a toujours quelque chose \u00e0 faire au Val-de-Travers.\",\"potentialAction\":[{\"@type\":\"SearchAction\",\"target\":{\"@type\":\"EntryPoint\",\"urlTemplate\":\"https:\/\/www.myvaldetravers.ch\/de\/?s={search_term_string}\"},\"query-input\":{\"@type\":\"PropertyValueSpecification\",\"valueRequired\":true,\"valueName\":\"search_term_string\"}}],\"inLanguage\":\"de\"},{\"@type\":\"Person\",\"@id\":\"https:\/\/www.myvaldetravers.ch\/de\/#\/schema\/person\/8f4015e238574292b9fabbf4191412c6\",\"name\":\"Destination Val-de-Travers\",\"image\":{\"@type\":\"ImageObject\",\"inLanguage\":\"de\",\"@id\":\"https:\/\/www.myvaldetravers.ch\/de\/#\/schema\/person\/image\/\",\"url\":\"https:\/\/secure.gravatar.com\/avatar\/71ca343ecfe74cc1b3fa4bf8e0f4ccb7?s=96&d=mm&r=g\",\"contentUrl\":\"https:\/\/secure.gravatar.com\/avatar\/71ca343ecfe74cc1b3fa4bf8e0f4ccb7?s=96&d=mm&r=g\",\"caption\":\"Destination Val-de-Travers\"},\"url\":\"https:\/\/www.myvaldetravers.ch\/de\/author\/laure\/\"}]}<\/script>\n<!-- \/ Yoast SEO plugin. -->","yoast_head_json":{"title":"Die Festivals des Sommers | Destination Val-de-Travers","description":"Der Sommer ist die Zeit der Festivals im Val-de-Travers! Von Mai bis August gibt es drei Festivals, die Sie in Bewegung bringen werden!","robots":{"index":"index","follow":"follow","max-snippet":"max-snippet:-1","max-image-preview":"max-image-preview:large","max-video-preview":"max-video-preview:-1"},"canonical":"https:\/\/www.myvaldetravers.ch\/de\/2023\/05\/15\/die-sommerfestivals-im-val-de-travers\/","og_locale":"de_DE","og_type":"article","og_title":"Die Festivals des Sommers | Destination Val-de-Travers","og_description":"Der Sommer ist die Zeit der Festivals im Val-de-Travers! Von Mai bis August gibt es drei Festivals, die Sie in Bewegung bringen werden!","og_url":"https:\/\/www.myvaldetravers.ch\/de\/2023\/05\/15\/die-sommerfestivals-im-val-de-travers\/","og_site_name":"Destination Val-de-Travers","article_publisher":"https:\/\/www.facebook.com\/DestinationValdeTravers\/","article_published_time":"2023-05-15T08:23:26+00:00","article_modified_time":"2023-05-15T09:22:54+00:00","og_image":[{"width":1920,"height":1080,"url":"https:\/\/www.myvaldetravers.ch\/wp-content\/uploads\/2021\/01\/HT1-1.jpg","type":"image\/jpeg"}],"author":"Destination Val-de-Travers","twitter_card":"summary_large_image","twitter_misc":{"Verfasst von":"Destination Val-de-Travers","Gesch\u00e4tzte Lesezeit":"2\u00a0Minuten"},"schema":{"@context":"https:\/\/schema.org","@graph":[{"@type":"WebPage","@id":"https:\/\/www.myvaldetravers.ch\/de\/2023\/05\/15\/die-sommerfestivals-im-val-de-travers\/","url":"https:\/\/www.myvaldetravers.ch\/de\/2023\/05\/15\/die-sommerfestivals-im-val-de-travers\/","name":"Die Festivals des Sommers | Destination Val-de-Travers","isPartOf":{"@id":"https:\/\/www.myvaldetravers.ch\/de\/#website"},"primaryImageOfPage":{"@id":"https:\/\/www.myvaldetravers.ch\/de\/2023\/05\/15\/die-sommerfestivals-im-val-de-travers\/#primaryimage"},"image":{"@id":"https:\/\/www.myvaldetravers.ch\/de\/2023\/05\/15\/die-sommerfestivals-im-val-de-travers\/#primaryimage"},"thumbnailUrl":"https:\/\/www.myvaldetravers.ch\/wp-content\/uploads\/2021\/01\/HT1-1.jpg","datePublished":"2023-05-15T08:23:26+00:00","dateModified":"2023-05-15T09:22:54+00:00","author":{"@id":"https:\/\/www.myvaldetravers.ch\/de\/#\/schema\/person\/8f4015e238574292b9fabbf4191412c6"},"description":"Der Sommer ist die Zeit der Festivals im Val-de-Travers! Von Mai bis August gibt es drei Festivals, die Sie in Bewegung bringen werden!","breadcrumb":{"@id":"https:\/\/www.myvaldetravers.ch\/de\/2023\/05\/15\/die-sommerfestivals-im-val-de-travers\/#breadcrumb"},"inLanguage":"de","potentialAction":[{"@type":"ReadAction","target":["https:\/\/www.myvaldetravers.ch\/de\/2023\/05\/15\/die-sommerfestivals-im-val-de-travers\/"]}]},{"@type":"ImageObject","inLanguage":"de","@id":"https:\/\/www.myvaldetravers.ch\/de\/2023\/05\/15\/die-sommerfestivals-im-val-de-travers\/#primaryimage","url":"https:\/\/www.myvaldetravers.ch\/wp-content\/uploads\/2021\/01\/HT1-1.jpg","contentUrl":"https:\/\/www.myvaldetravers.ch\/wp-content\/uploads\/2021\/01\/HT1-1.jpg","width":1920,"height":1080,"caption":"\u00a9 Festival Hors Tribu"},{"@type":"BreadcrumbList","@id":"https:\/\/www.myvaldetravers.ch\/de\/2023\/05\/15\/die-sommerfestivals-im-val-de-travers\/#breadcrumb","itemListElement":[{"@type":"ListItem","position":1,"name":"Accueil","item":"https:\/\/www.myvaldetravers.ch\/de\/"},{"@type":"ListItem","position":2,"name":"Die Sommerfestivals im Val-de-Travers"}]},{"@type":"WebSite","@id":"https:\/\/www.myvaldetravers.ch\/de\/#website","url":"https:\/\/www.myvaldetravers.ch\/de\/","name":"Destination Val-de-Travers","description":"Il y a toujours quelque chose \u00e0 faire au Val-de-Travers.","potentialAction":[{"@type":"SearchAction","target":{"@type":"EntryPoint","urlTemplate":"https:\/\/www.myvaldetravers.ch\/de\/?s={search_term_string}"},"query-input":{"@type":"PropertyValueSpecification","valueRequired":true,"valueName":"search_term_string"}}],"inLanguage":"de"},{"@type":"Person","@id":"https:\/\/www.myvaldetravers.ch\/de\/#\/schema\/person\/8f4015e238574292b9fabbf4191412c6","name":"Destination Val-de-Travers","image":{"@type":"ImageObject","inLanguage":"de","@id":"https:\/\/www.myvaldetravers.ch\/de\/#\/schema\/person\/image\/","url":"https:\/\/secure.gravatar.com\/avatar\/71ca343ecfe74cc1b3fa4bf8e0f4ccb7?s=96&d=mm&r=g","contentUrl":"https:\/\/secure.gravatar.com\/avatar\/71ca343ecfe74cc1b3fa4bf8e0f4ccb7?s=96&d=mm&r=g","caption":"Destination Val-de-Travers"},"url":"https:\/\/www.myvaldetravers.ch\/de\/author\/laure\/"}]}},"_links":{"self":[{"href":"https:\/\/www.myvaldetravers.ch\/de\/wp-json\/wp\/v2\/posts\/10521"}],"collection":[{"href":"https:\/\/www.myvaldetravers.ch\/de\/wp-json\/wp\/v2\/posts"}],"about":[{"href":"https:\/\/www.myvaldetravers.ch\/de\/wp-json\/wp\/v2\/types\/post"}],"author":[{"embeddable":true,"href":"https:\/\/www.myvaldetravers.ch\/de\/wp-json\/wp\/v2\/users\/73"}],"replies":[{"embeddable":true,"href":"https:\/\/www.myvaldetravers.ch\/de\/wp-json\/wp\/v2\/comments?post=10521"}],"version-history":[{"count":2,"href":"https:\/\/www.myvaldetravers.ch\/de\/wp-json\/wp\/v2\/posts\/10521\/revisions"}],"predecessor-version":[{"id":11281,"href":"https:\/\/www.myvaldetravers.ch\/de\/wp-json\/wp\/v2\/posts\/10521\/revisions\/11281"}],"wp:featuredmedia":[{"embeddable":true,"href":"https:\/\/www.myvaldetravers.ch\/de\/wp-json\/wp\/v2\/media\/5516"}],"wp:attachment":[{"href":"https:\/\/www.myvaldetravers.ch\/de\/wp-json\/wp\/v2\/media?parent=10521"}],"wp:term":[{"taxonomy":"category","embeddable":true,"href":"https:\/\/www.myvaldetravers.ch\/de\/wp-json\/wp\/v2\/categories?post=10521"},{"taxonomy":"post_tag","embeddable":true,"href":"https:\/\/www.myvaldetravers.ch\/de\/wp-json\/wp\/v2\/tags?post=10521"}],"curies":[{"name":"wp","href":"https:\/\/api.w.org\/{rel}","templated":true}]}}