{"id":6872,"date":"2024-08-05T13:00:50","date_gmt":"2024-08-05T11:00:50","guid":{"rendered":"https:\/\/www.myvaldetravers.ch\/?p=6872"},"modified":"2024-08-05T13:17:05","modified_gmt":"2024-08-05T11:17:05","slug":"neu-die-circuits-des-fees","status":"publish","type":"post","link":"https:\/\/www.myvaldetravers.ch\/de\/2024\/08\/05\/neu-die-circuits-des-fees\/","title":{"rendered":"Neu: die Circuits des F\u00e9es"},"content":{"rendered":"<h2>3 neue Routen mit dem Fahrrad oder zu Fuss warten auf Sie!<\/h2>\n<p><!--more--><\/p>\n<p>Auf den Hochebenen am Rande des Val-de-Travers und nahe der Grenze zu Frankreich hat das Dorf La C\u00f4te-aux-F\u00e9es beschlossen, die neuen Circuits des F\u00e9es f\u00fcr Fussg\u00e4nger und Mountainbiker einzurichten! Ausgehend vom H\u00f4tel de la Poste im Zentrum des Dorfes k\u00f6nnen Sie die anderen Bergrestaurants entdecken, die sich in der Umgebung am Ende der Waldwege und anderer Gemeindestrassen befinden.<\/p>\n<h3>Die Routen<\/h3>\n<p>Diesen Samstag, den 19. Juni, werden diese neuen markierten Routen eingeweiht. Nach dem offiziellen Teil vor dem H\u00f4tel de la Poste um 10:30 Uhr wird es Zeit, zu Fuss oder mit dem Fahrrad zu starten! Die grossen unbekannten R\u00e4ume dieser Region auf der R\u00fcckseite des Chasseron heissen Sie willkommen. In Mont-des-Verri\u00e8res hat man einen Blick auf den Berg Grand Taureau in Frankreich und die Cernets in der Schweiz. Bei der Abfahrt zum Chalet des Pr\u00e9s sehen Sie die steilen Wiesen der Skipisten des Robella Val-de-Travers und Sie k\u00f6nnen die Jurak\u00e4mme erkennen, denen Sie bis zum 360\u00b0-Panoramagipfel des Chasseron folgen. Auf der rechten Seite kommt der Col des Etroits, der den Zugang zu Sainte-Croix, dem Mont des Cerfs, den Aiguilles de Baulmes und schliesslich dem langen Felsen des Mont-d&#8217;Or erm\u00f6glicht.<\/p>\n<p>Die Circuits des F\u00e9es umfassen nicht weniger als <strong>3 Strecken<\/strong>. Die n\u00f6rdliche Route ist oben beschrieben. Die s\u00fcdliche Route erm\u00f6glicht es Ihnen, das Gebiet des Cr\u00eat des Bourquins (wo sich die Kantonsgrenzen Waadt-Neuenburg und Frankreich-Schweiz treffen, vorbei an der historischen Markierung Nr. 182) und den St-Olivier mit der nahe gelegenen F\u00e9es-H\u00f6hle zu erkunden, die auf eigene Faust besichtigt werden kann (bringen Sie eine Stirnlampe mit und folgen Sie dem Drahtseil bis zum Nid d&#8217;Aigle, oder nutzen Sie einfach den Picknickplatz). Die Tillau-Route f\u00fchrt zum Weiler Les Places und \u00fcberquert die franz\u00f6sisch-schweizerische Grenze, um Les Prises (F) und das Restaurant Tillau (F) zu erreichen, ein gutes Restaurant in diesem Teil des franz\u00f6sischen Jura. Zahlreiche weitere Wander- und Mountainbike-Routen sind auf dieser Seite der Grenze ausgeschildert und erm\u00f6glichen es Ihnen, Les Fourgs und dann den Grand&#8217;Borne-Zoll zu erreichen (Bus nach l&#8217;Auberson \/ Ste-Croix und Anschluss am Ende des Tages f\u00fcr die R\u00fcckkehr nach La C\u00f4te-aux-F\u00e9es und Buttes).<\/p>\n<ul>\n<li>N\u00f6rdliche Route: 11,9 km Schleife, mit einem H\u00f6henunterschied von 332 m. Zu Fuss dauert es etwa 3h10 und mit dem Fahrrad 1h45.<\/li>\n<li>S\u00fcdliche Route: 8,6 km Schleife, mit einem H\u00f6henunterschied von 219 m. Zu Fuss dauert es etwa 2h15 und mit dem Fahrrad 1h.<\/li>\n<li>Tillau-Route: Einbahnstra\u00dfe \u00fcber 5,4 km, Steigungen 181 m, Gef\u00e4lle 52 m. Zu Fuss dauert es etwa 1h30 und mit dem Fahrrad 0h45.<\/li>\n<\/ul>\n<p><a href=\"https:\/\/www.myvaldetravers.ch\/wp-content\/uploads\/2024\/08\/Cote_aux_Fees_depliant_parcours_VTT.pdf\"><strong>Die Karte mit den Routen finden Sie hier<\/strong><\/a><\/p>\n<p>Die Circuits des F\u00e9es sind zu Fuss mit weissen Schildern und mit dem Mountainbike mit burgunderroten Schildern ausgeschildert. An den Kreuzungen sind die weissen Schilder mit dem gr\u00fcnen Schild &#8220;Circuits des F\u00e9es&#8221; f\u00fcr Fussg\u00e4nger und Mountainbiker gekennzeichnet. Die Mountainbike-Routen sind im Uhrzeigersinn ausgeschildert (wir befinden uns im Land der Uhrenmanufaktur Piaget, die ihren Sitz in La C\u00f4te-aux-F\u00e9es hat!).<\/p>\n<p><img loading=\"lazy\" decoding=\"async\" class=\"aligncenter wp-image-6874 size-medium\" src=\"https:\/\/www.myvaldetravers.ch\/wp-content\/uploads\/2021\/06\/CAF_Circuits2Fees_pano_GM0803-300x200.jpg\" alt=\"\" width=\"300\" height=\"200\" srcset=\"https:\/\/www.myvaldetravers.ch\/wp-content\/uploads\/2021\/06\/CAF_Circuits2Fees_pano_GM0803-300x200.jpg 300w, https:\/\/www.myvaldetravers.ch\/wp-content\/uploads\/2021\/06\/CAF_Circuits2Fees_pano_GM0803-1024x683.jpg 1024w, https:\/\/www.myvaldetravers.ch\/wp-content\/uploads\/2021\/06\/CAF_Circuits2Fees_pano_GM0803-768x512.jpg 768w, https:\/\/www.myvaldetravers.ch\/wp-content\/uploads\/2021\/06\/CAF_Circuits2Fees_pano_GM0803-1536x1024.jpg 1536w, https:\/\/www.myvaldetravers.ch\/wp-content\/uploads\/2021\/06\/CAF_Circuits2Fees_pano_GM0803-2048x1365.jpg 2048w, https:\/\/www.myvaldetravers.ch\/wp-content\/uploads\/2021\/06\/CAF_Circuits2Fees_pano_GM0803-370x247.jpg 370w, https:\/\/www.myvaldetravers.ch\/wp-content\/uploads\/2021\/06\/CAF_Circuits2Fees_pano_GM0803-760x507.jpg 760w\" sizes=\"(max-width: 300px) 100vw, 300px\" \/><\/p>\n<h3>Essen und \u00dcbernachtung<\/h3>\n<p>Nicht weniger als 6 Berggastst\u00e4tten empfangen Sie auf dem Weg und sind auf der Karte zu finden. Am Start und Ziel des Circuits des F\u00e9es befindet sich das H\u00f4tel restaurant de la Poste, direkt vor der Haltestelle des regelm\u00e4ssigen Postbusses aus Buttes. In Richtung des Weilers Les Places finden Sie das Gasthaus Au Pied de Cochon, das neben anderen Bergspezialit\u00e4ten seine hausgemachten Nieren anbietet. Nach dem Mont-des-Verri\u00e8res bietet Ihnen die Mont-Barres-H\u00fctte ihre K\u00e4sekruste mit K\u00e4se von der Alm. Auf der anderen Seite des Berges belebt das Chalet des Pr\u00e9s mit seinen Berggerichten und zahlreichen Desserts (Sahnet\u00fcten, Meringues&#8230;). Auf der franz\u00f6sischen Seite sind Sie herzlich willkommen f\u00fcr eine Schlemmerpause in der Auberge Entre ces Monts, die lokale K\u00fcche anbietet, oder im H\u00f4tel Restaurant le Tillau, einem Gourmetrestaurant im Herzen des Jura.<\/p>\n<p>F\u00fcr Unterk\u00fcnfte gibt es Zimmer im H\u00f4tel Restaurant de la Poste, im BnB Jurabelle und in der Colonie La Joie de vivre, alle drei in La C\u00f4te-aux-F\u00e9es; das Airbnb EssenceCiel und die Fondation des Colonies de vacances (Colonies Bellevue) in Mont-de-Buttes. In der Gemeinde Les Verri\u00e8res sind ausserdem das H\u00f4tel-de-Ville des Verri\u00e8res und das H\u00f4tel-Restaurant des Cernets zu erw\u00e4hnen, das gerade nach einer Renovierung wiederer\u00f6ffnet wurde.<\/p>\n","protected":false},"excerpt":{"rendered":"<p>3 neue Routen mit dem Fahrrad oder zu Fuss warten auf Sie!<\/p>\n","protected":false},"author":73,"featured_media":6862,"comment_status":"closed","ping_status":"closed","sticky":false,"template":"","format":"standard","meta":{"footnotes":"","mc4wp_mailchimp_campaign":[]},"categories":[70],"tags":[],"yoast_head":"<!-- This site is optimized with the Yoast SEO plugin v23.5 - https:\/\/yoast.com\/wordpress\/plugins\/seo\/ -->\n<title>Circuits des F\u00e9es- C\u00f4te-aux-F\u00e9es | Destination Val-de-Travers<\/title>\n<meta name=\"description\" content=\"Die Circuits des F\u00e9es sind drei Routen mit dem Fahrrad oder zu Fuss, die Ihnen helfen, die herrliche Region der C\u00f4te-aux-F\u00e9es zu entdecken.\" \/>\n<meta name=\"robots\" content=\"index, follow, max-snippet:-1, max-image-preview:large, max-video-preview:-1\" \/>\n<link rel=\"canonical\" href=\"https:\/\/www.myvaldetravers.ch\/de\/2024\/08\/05\/neu-die-circuits-des-fees\/\" \/>\n<meta property=\"og:locale\" content=\"de_DE\" \/>\n<meta property=\"og:type\" content=\"article\" \/>\n<meta property=\"og:title\" content=\"Circuits des F\u00e9es- C\u00f4te-aux-F\u00e9es | Destination Val-de-Travers\" \/>\n<meta property=\"og:description\" content=\"Die Circuits des F\u00e9es sind drei Routen mit dem Fahrrad oder zu Fuss, die Ihnen helfen, die herrliche Region der C\u00f4te-aux-F\u00e9es zu entdecken.\" \/>\n<meta property=\"og:url\" content=\"https:\/\/www.myvaldetravers.ch\/de\/2024\/08\/05\/neu-die-circuits-des-fees\/\" \/>\n<meta property=\"og:site_name\" content=\"Destination Val-de-Travers\" \/>\n<meta property=\"article:publisher\" content=\"https:\/\/www.facebook.com\/DestinationValdeTravers\/\" \/>\n<meta property=\"article:published_time\" content=\"2024-08-05T11:00:50+00:00\" \/>\n<meta property=\"article:modified_time\" content=\"2024-08-05T11:17:05+00:00\" \/>\n<meta property=\"og:image\" content=\"https:\/\/www.myvaldetravers.ch\/wp-content\/uploads\/2021\/06\/logo_CaF.png\" \/>\n\t<meta property=\"og:image:width\" content=\"554\" \/>\n\t<meta property=\"og:image:height\" content=\"555\" \/>\n\t<meta property=\"og:image:type\" content=\"image\/png\" \/>\n<meta name=\"author\" content=\"Destination Val-de-Travers\" \/>\n<meta name=\"twitter:card\" content=\"summary_large_image\" \/>\n<meta name=\"twitter:label1\" content=\"Verfasst von\" \/>\n\t<meta name=\"twitter:data1\" content=\"Destination Val-de-Travers\" \/>\n\t<meta name=\"twitter:label2\" content=\"Gesch\u00e4tzte Lesezeit\" \/>\n\t<meta name=\"twitter:data2\" content=\"4\u00a0Minuten\" \/>\n<script type=\"application\/ld+json\" class=\"yoast-schema-graph\">{\"@context\":\"https:\/\/schema.org\",\"@graph\":[{\"@type\":\"WebPage\",\"@id\":\"https:\/\/www.myvaldetravers.ch\/de\/2024\/08\/05\/neu-die-circuits-des-fees\/\",\"url\":\"https:\/\/www.myvaldetravers.ch\/de\/2024\/08\/05\/neu-die-circuits-des-fees\/\",\"name\":\"Circuits des F\u00e9es- C\u00f4te-aux-F\u00e9es | Destination Val-de-Travers\",\"isPartOf\":{\"@id\":\"https:\/\/www.myvaldetravers.ch\/de\/#website\"},\"primaryImageOfPage\":{\"@id\":\"https:\/\/www.myvaldetravers.ch\/de\/2024\/08\/05\/neu-die-circuits-des-fees\/#primaryimage\"},\"image\":{\"@id\":\"https:\/\/www.myvaldetravers.ch\/de\/2024\/08\/05\/neu-die-circuits-des-fees\/#primaryimage\"},\"thumbnailUrl\":\"https:\/\/www.myvaldetravers.ch\/wp-content\/uploads\/2021\/06\/logo_CaF.png\",\"datePublished\":\"2024-08-05T11:00:50+00:00\",\"dateModified\":\"2024-08-05T11:17:05+00:00\",\"author\":{\"@id\":\"https:\/\/www.myvaldetravers.ch\/de\/#\/schema\/person\/8f4015e238574292b9fabbf4191412c6\"},\"description\":\"Die Circuits des F\u00e9es sind drei Routen mit dem Fahrrad oder zu Fuss, die Ihnen helfen, die herrliche Region der C\u00f4te-aux-F\u00e9es zu entdecken.\",\"breadcrumb\":{\"@id\":\"https:\/\/www.myvaldetravers.ch\/de\/2024\/08\/05\/neu-die-circuits-des-fees\/#breadcrumb\"},\"inLanguage\":\"de\",\"potentialAction\":[{\"@type\":\"ReadAction\",\"target\":[\"https:\/\/www.myvaldetravers.ch\/de\/2024\/08\/05\/neu-die-circuits-des-fees\/\"]}]},{\"@type\":\"ImageObject\",\"inLanguage\":\"de\",\"@id\":\"https:\/\/www.myvaldetravers.ch\/de\/2024\/08\/05\/neu-die-circuits-des-fees\/#primaryimage\",\"url\":\"https:\/\/www.myvaldetravers.ch\/wp-content\/uploads\/2021\/06\/logo_CaF.png\",\"contentUrl\":\"https:\/\/www.myvaldetravers.ch\/wp-content\/uploads\/2021\/06\/logo_CaF.png\",\"width\":554,\"height\":555},{\"@type\":\"BreadcrumbList\",\"@id\":\"https:\/\/www.myvaldetravers.ch\/de\/2024\/08\/05\/neu-die-circuits-des-fees\/#breadcrumb\",\"itemListElement\":[{\"@type\":\"ListItem\",\"position\":1,\"name\":\"Accueil\",\"item\":\"https:\/\/www.myvaldetravers.ch\/de\/\"},{\"@type\":\"ListItem\",\"position\":2,\"name\":\"Neu: die Circuits des F\u00e9es\"}]},{\"@type\":\"WebSite\",\"@id\":\"https:\/\/www.myvaldetravers.ch\/de\/#website\",\"url\":\"https:\/\/www.myvaldetravers.ch\/de\/\",\"name\":\"Destination Val-de-Travers\",\"description\":\"Il y a toujours quelque chose \u00e0 faire au Val-de-Travers.\",\"potentialAction\":[{\"@type\":\"SearchAction\",\"target\":{\"@type\":\"EntryPoint\",\"urlTemplate\":\"https:\/\/www.myvaldetravers.ch\/de\/?s={search_term_string}\"},\"query-input\":{\"@type\":\"PropertyValueSpecification\",\"valueRequired\":true,\"valueName\":\"search_term_string\"}}],\"inLanguage\":\"de\"},{\"@type\":\"Person\",\"@id\":\"https:\/\/www.myvaldetravers.ch\/de\/#\/schema\/person\/8f4015e238574292b9fabbf4191412c6\",\"name\":\"Destination Val-de-Travers\",\"image\":{\"@type\":\"ImageObject\",\"inLanguage\":\"de\",\"@id\":\"https:\/\/www.myvaldetravers.ch\/de\/#\/schema\/person\/image\/\",\"url\":\"https:\/\/secure.gravatar.com\/avatar\/71ca343ecfe74cc1b3fa4bf8e0f4ccb7?s=96&d=mm&r=g\",\"contentUrl\":\"https:\/\/secure.gravatar.com\/avatar\/71ca343ecfe74cc1b3fa4bf8e0f4ccb7?s=96&d=mm&r=g\",\"caption\":\"Destination Val-de-Travers\"},\"url\":\"https:\/\/www.myvaldetravers.ch\/de\/author\/laure\/\"}]}<\/script>\n<!-- \/ Yoast SEO plugin. -->","yoast_head_json":{"title":"Circuits des F\u00e9es- C\u00f4te-aux-F\u00e9es | Destination Val-de-Travers","description":"Die Circuits des F\u00e9es sind drei Routen mit dem Fahrrad oder zu Fuss, die Ihnen helfen, die herrliche Region der C\u00f4te-aux-F\u00e9es zu entdecken.","robots":{"index":"index","follow":"follow","max-snippet":"max-snippet:-1","max-image-preview":"max-image-preview:large","max-video-preview":"max-video-preview:-1"},"canonical":"https:\/\/www.myvaldetravers.ch\/de\/2024\/08\/05\/neu-die-circuits-des-fees\/","og_locale":"de_DE","og_type":"article","og_title":"Circuits des F\u00e9es- C\u00f4te-aux-F\u00e9es | Destination Val-de-Travers","og_description":"Die Circuits des F\u00e9es sind drei Routen mit dem Fahrrad oder zu Fuss, die Ihnen helfen, die herrliche Region der C\u00f4te-aux-F\u00e9es zu entdecken.","og_url":"https:\/\/www.myvaldetravers.ch\/de\/2024\/08\/05\/neu-die-circuits-des-fees\/","og_site_name":"Destination Val-de-Travers","article_publisher":"https:\/\/www.facebook.com\/DestinationValdeTravers\/","article_published_time":"2024-08-05T11:00:50+00:00","article_modified_time":"2024-08-05T11:17:05+00:00","og_image":[{"width":554,"height":555,"url":"https:\/\/www.myvaldetravers.ch\/wp-content\/uploads\/2021\/06\/logo_CaF.png","type":"image\/png"}],"author":"Destination Val-de-Travers","twitter_card":"summary_large_image","twitter_misc":{"Verfasst von":"Destination Val-de-Travers","Gesch\u00e4tzte Lesezeit":"4\u00a0Minuten"},"schema":{"@context":"https:\/\/schema.org","@graph":[{"@type":"WebPage","@id":"https:\/\/www.myvaldetravers.ch\/de\/2024\/08\/05\/neu-die-circuits-des-fees\/","url":"https:\/\/www.myvaldetravers.ch\/de\/2024\/08\/05\/neu-die-circuits-des-fees\/","name":"Circuits des F\u00e9es- C\u00f4te-aux-F\u00e9es | Destination Val-de-Travers","isPartOf":{"@id":"https:\/\/www.myvaldetravers.ch\/de\/#website"},"primaryImageOfPage":{"@id":"https:\/\/www.myvaldetravers.ch\/de\/2024\/08\/05\/neu-die-circuits-des-fees\/#primaryimage"},"image":{"@id":"https:\/\/www.myvaldetravers.ch\/de\/2024\/08\/05\/neu-die-circuits-des-fees\/#primaryimage"},"thumbnailUrl":"https:\/\/www.myvaldetravers.ch\/wp-content\/uploads\/2021\/06\/logo_CaF.png","datePublished":"2024-08-05T11:00:50+00:00","dateModified":"2024-08-05T11:17:05+00:00","author":{"@id":"https:\/\/www.myvaldetravers.ch\/de\/#\/schema\/person\/8f4015e238574292b9fabbf4191412c6"},"description":"Die Circuits des F\u00e9es sind drei Routen mit dem Fahrrad oder zu Fuss, die Ihnen helfen, die herrliche Region der C\u00f4te-aux-F\u00e9es zu entdecken.","breadcrumb":{"@id":"https:\/\/www.myvaldetravers.ch\/de\/2024\/08\/05\/neu-die-circuits-des-fees\/#breadcrumb"},"inLanguage":"de","potentialAction":[{"@type":"ReadAction","target":["https:\/\/www.myvaldetravers.ch\/de\/2024\/08\/05\/neu-die-circuits-des-fees\/"]}]},{"@type":"ImageObject","inLanguage":"de","@id":"https:\/\/www.myvaldetravers.ch\/de\/2024\/08\/05\/neu-die-circuits-des-fees\/#primaryimage","url":"https:\/\/www.myvaldetravers.ch\/wp-content\/uploads\/2021\/06\/logo_CaF.png","contentUrl":"https:\/\/www.myvaldetravers.ch\/wp-content\/uploads\/2021\/06\/logo_CaF.png","width":554,"height":555},{"@type":"BreadcrumbList","@id":"https:\/\/www.myvaldetravers.ch\/de\/2024\/08\/05\/neu-die-circuits-des-fees\/#breadcrumb","itemListElement":[{"@type":"ListItem","position":1,"name":"Accueil","item":"https:\/\/www.myvaldetravers.ch\/de\/"},{"@type":"ListItem","position":2,"name":"Neu: die Circuits des F\u00e9es"}]},{"@type":"WebSite","@id":"https:\/\/www.myvaldetravers.ch\/de\/#website","url":"https:\/\/www.myvaldetravers.ch\/de\/","name":"Destination Val-de-Travers","description":"Il y a toujours quelque chose \u00e0 faire au Val-de-Travers.","potentialAction":[{"@type":"SearchAction","target":{"@type":"EntryPoint","urlTemplate":"https:\/\/www.myvaldetravers.ch\/de\/?s={search_term_string}"},"query-input":{"@type":"PropertyValueSpecification","valueRequired":true,"valueName":"search_term_string"}}],"inLanguage":"de"},{"@type":"Person","@id":"https:\/\/www.myvaldetravers.ch\/de\/#\/schema\/person\/8f4015e238574292b9fabbf4191412c6","name":"Destination Val-de-Travers","image":{"@type":"ImageObject","inLanguage":"de","@id":"https:\/\/www.myvaldetravers.ch\/de\/#\/schema\/person\/image\/","url":"https:\/\/secure.gravatar.com\/avatar\/71ca343ecfe74cc1b3fa4bf8e0f4ccb7?s=96&d=mm&r=g","contentUrl":"https:\/\/secure.gravatar.com\/avatar\/71ca343ecfe74cc1b3fa4bf8e0f4ccb7?s=96&d=mm&r=g","caption":"Destination Val-de-Travers"},"url":"https:\/\/www.myvaldetravers.ch\/de\/author\/laure\/"}]}},"_links":{"self":[{"href":"https:\/\/www.myvaldetravers.ch\/de\/wp-json\/wp\/v2\/posts\/6872"}],"collection":[{"href":"https:\/\/www.myvaldetravers.ch\/de\/wp-json\/wp\/v2\/posts"}],"about":[{"href":"https:\/\/www.myvaldetravers.ch\/de\/wp-json\/wp\/v2\/types\/post"}],"author":[{"embeddable":true,"href":"https:\/\/www.myvaldetravers.ch\/de\/wp-json\/wp\/v2\/users\/73"}],"replies":[{"embeddable":true,"href":"https:\/\/www.myvaldetravers.ch\/de\/wp-json\/wp\/v2\/comments?post=6872"}],"version-history":[{"count":3,"href":"https:\/\/www.myvaldetravers.ch\/de\/wp-json\/wp\/v2\/posts\/6872\/revisions"}],"predecessor-version":[{"id":13392,"href":"https:\/\/www.myvaldetravers.ch\/de\/wp-json\/wp\/v2\/posts\/6872\/revisions\/13392"}],"wp:featuredmedia":[{"embeddable":true,"href":"https:\/\/www.myvaldetravers.ch\/de\/wp-json\/wp\/v2\/media\/6862"}],"wp:attachment":[{"href":"https:\/\/www.myvaldetravers.ch\/de\/wp-json\/wp\/v2\/media?parent=6872"}],"wp:term":[{"taxonomy":"category","embeddable":true,"href":"https:\/\/www.myvaldetravers.ch\/de\/wp-json\/wp\/v2\/categories?post=6872"},{"taxonomy":"post_tag","embeddable":true,"href":"https:\/\/www.myvaldetravers.ch\/de\/wp-json\/wp\/v2\/tags?post=6872"}],"curies":[{"name":"wp","href":"https:\/\/api.w.org\/{rel}","templated":true}]}}