{"id":7059,"date":"2026-02-07T09:00:10","date_gmt":"2026-02-07T08:00:10","guid":{"rendered":"https:\/\/www.myvaldetravers.ch\/?p=7059"},"modified":"2026-03-23T10:59:35","modified_gmt":"2026-03-23T09:59:35","slug":"swisstainable","status":"publish","type":"post","link":"https:\/\/www.myvaldetravers.ch\/de\/2026\/02\/07\/swisstainable\/","title":{"rendered":"Das Val-de-Travers nimmt am Nachhaltigkeitsprogramm Swisstainable teil"},"content":{"rendered":"<h2>Swisstainable, engagierte Anbieter und ein klassifiziertes Reiseziel<br \/>\n<!--more--><\/h2>\n<h4>Was ist Swisstainable?<\/h4>\n<p>Swisstainable ist eine Schweizer Initiative, die sich dem nachhaltigen Tourismus widmet und von und f\u00fcr die Tourismusbranche entwickelt wurde. Das Programm legt den Schwerpunkt auf die nachhaltige Entwicklung der Schweiz als Tourismusland. Alle Unternehmen und Organisationen, die in der Schweiz im Tourismus t\u00e4tig sind, k\u00f6nnen dem Programm beitreten. Das Ziel des Nachhaltigkeitsprogramms ist es, das Engagement der Branche im Bereich der nachhaltigen Entwicklung hervorzuheben und die Anbieter bei ihren Bem\u00fchungen um einen verantwortungsvolleren Tourismus in der Schweiz zu unterst\u00fctzen.<\/p>\n<p>Das Programm ist in drei Stufen organisiert, um den verschiedenen Bedingungen und dem unterschiedlichen Grad des Engagements f\u00fcr die nachhaltige Entwicklung gerecht zu werden (Level I &#8211; Committed \/ Level II &#8211; Engaged \/ Level III &#8211; Leading).<\/p>\n<p>Im Val-de-Travers haben <a href=\"https:\/\/www.myvaldetravers.ch\/wp-content\/uploads\/2025\/02\/Prestataires-touristiques-Swisstainable-du-Val-de-Travers.pdf\">mehrere Dienstleistungsanbieter<\/a> diesen Schritt unternommen und sind nun klassifiziert.<\/p>\n<h4>Val-de-Travers ist eine Swisstainable Destination<\/h4>\n<p>W\u00e4hrend viele Tourismusanbieter bereits die Klassifizierung f\u00fcr ihre eigenen Strukturen erhalten hatten, macht das Val-de-Travers nun einen weiteren Schritt als Reiseziel, indem es offiziell dem Programm Swisstainable Destination auf <a href=\"https:\/\/www.stv-fst.ch\/nachhaltigkeit\/kompetenzzentrum\/swisstainable\/swisstainable-destination\">Level I &#8211; committed<\/a> beitritt. Mit dem Erreichen dieser Stufe ist das Pays des F\u00e9es die erste Tourismusdestination in der Westschweiz, die als Swisstainable Destination eingestuft wird. Diese Kategorisierung hebt die bereits eingeleiteten Aktionen auf \u00f6kologischer, sozialer und wirtschaftlicher Ebene hervor, um verantwortungsvolle Praktiken zu f\u00f6rdern, die Attraktivit\u00e4t der Region zu steigern und ein kollektives Vorgehen im Tourismusbereich zu f\u00f6rdern.<\/p>\n<p>Seit f\u00fcnf Jahren setzt der Verein <a href=\"https:\/\/www.myvaldetravers.ch\/de\/\">Destination Val-de-Traver<\/a>s auf eine Netzwerkorganisation, um sein touristisches Angebot zu strukturieren. Sechs thematische Cluster &#8211; Absinth, Kultur, Freizeit, Unterkunft, Gastronomie &amp; regionale Produkte und Mobilit\u00e4t &#8211; arbeiten zusammen, um das Angebot anzupassen und die Kommunikation zu harmonisieren.<\/p>\n<p>Diese Dynamik beg\u00fcnstigt konkrete und koh\u00e4rente Initiativen, wie die Entwicklung der sanften Mobilit\u00e4t, die F\u00f6rderung kurzer Wege und die Erhaltung des Natur- und Kulturerbes. Die Erlangung der Klassifizierung als Swisstainable Destination zeugt von diesem kollektiven Engagement. Dank eines pragmatischen und strukturierten Ansatzes pflegt die Region einen lebendigen und authentischen Tourismus, der im Einklang mit ihren Werten und den Erwartungen der Besucher steht.<\/p>\n<p>Im Val-de-Travers wurde die erste Level erreicht. Die aktive Beteiligung der Tourismusanbieter zeugt von ihrem Willen, ihre Qualit\u00e4tsstandards weiter zu verbessern und, warum nicht, die Stufe II &#8211; engaged anzustreben.<span data-ccp-props=\"{&quot;201341983&quot;:0,&quot;335551550&quot;:6,&quot;335551620&quot;:6,&quot;335559737&quot;:-6,&quot;335559739&quot;:180,&quot;335559740&quot;:274}\">\u00a0<\/span><\/p>\n<p><img loading=\"lazy\" decoding=\"async\" class=\"wp-image-13877 alignleft\" src=\"https:\/\/www.myvaldetravers.ch\/wp-content\/uploads\/2021\/10\/125_20q_01_swisstainable_destination_1_committed-300x300.jpg\" alt=\"\" width=\"194\" height=\"194\" srcset=\"https:\/\/www.myvaldetravers.ch\/wp-content\/uploads\/2021\/10\/125_20q_01_swisstainable_destination_1_committed-300x300.jpg 300w, https:\/\/www.myvaldetravers.ch\/wp-content\/uploads\/2021\/10\/125_20q_01_swisstainable_destination_1_committed-150x150.jpg 150w, https:\/\/www.myvaldetravers.ch\/wp-content\/uploads\/2021\/10\/125_20q_01_swisstainable_destination_1_committed-768x767.jpg 768w, https:\/\/www.myvaldetravers.ch\/wp-content\/uploads\/2021\/10\/125_20q_01_swisstainable_destination_1_committed-65x65.jpg 65w, https:\/\/www.myvaldetravers.ch\/wp-content\/uploads\/2021\/10\/125_20q_01_swisstainable_destination_1_committed-370x370.jpg 370w, https:\/\/www.myvaldetravers.ch\/wp-content\/uploads\/2021\/10\/125_20q_01_swisstainable_destination_1_committed-90x90.jpg 90w, https:\/\/www.myvaldetravers.ch\/wp-content\/uploads\/2021\/10\/125_20q_01_swisstainable_destination_1_committed-322x322.jpg 322w, https:\/\/www.myvaldetravers.ch\/wp-content\/uploads\/2021\/10\/125_20q_01_swisstainable_destination_1_committed-360x360.jpg 360w, https:\/\/www.myvaldetravers.ch\/wp-content\/uploads\/2021\/10\/125_20q_01_swisstainable_destination_1_committed-760x759.jpg 760w, https:\/\/www.myvaldetravers.ch\/wp-content\/uploads\/2021\/10\/125_20q_01_swisstainable_destination_1_committed.jpg 828w\" sizes=\"(max-width: 194px) 100vw, 194px\" \/><\/p>\n<p>&nbsp;<\/p>\n<p>&nbsp;<\/p>\n<p>&nbsp;<\/p>\n<p>&nbsp;<\/p>\n<p>&nbsp;<\/p>\n<p>&nbsp;<\/p>\n<p><iframe loading=\"lazy\" title=\"I need Swisstainable. | Switzerland Tourism\" width=\"1170\" height=\"658\" src=\"https:\/\/www.youtube.com\/embed\/51H4rCWrSGc?start=9&#038;feature=oembed\" frameborder=\"0\" allow=\"accelerometer; autoplay; clipboard-write; encrypted-media; gyroscope; picture-in-picture; web-share\" referrerpolicy=\"strict-origin-when-cross-origin\" allowfullscreen><\/iframe><\/p>\n<p>&nbsp;<\/p>\n","protected":false},"excerpt":{"rendered":"<p>Swisstainable, engagierte Anbieter und ein klassifiziertes Reiseziel<\/p>\n","protected":false},"author":73,"featured_media":13876,"comment_status":"closed","ping_status":"closed","sticky":false,"template":"","format":"standard","meta":{"footnotes":"","mc4wp_mailchimp_campaign":[]},"categories":[70,85],"tags":[],"yoast_head":"<!-- This site is optimized with the Yoast SEO plugin v23.5 - https:\/\/yoast.com\/wordpress\/plugins\/seo\/ -->\n<title>Swisstainable im Val-de-Travers<\/title>\n<meta name=\"description\" content=\"Das Val-de-Travers nimmt am Nachhaltigkeitsprogramm Swisstainable teil. Dank engagierter Tourismusanbieter ist die Region eine Swisstainable Destination.\" \/>\n<meta name=\"robots\" content=\"index, follow, max-snippet:-1, max-image-preview:large, max-video-preview:-1\" \/>\n<link rel=\"canonical\" href=\"https:\/\/www.myvaldetravers.ch\/de\/2026\/02\/07\/swisstainable\/\" \/>\n<meta property=\"og:locale\" content=\"de_DE\" \/>\n<meta property=\"og:type\" content=\"article\" \/>\n<meta property=\"og:title\" content=\"Swisstainable im Val-de-Travers\" \/>\n<meta property=\"og:description\" content=\"Das Val-de-Travers nimmt am Nachhaltigkeitsprogramm Swisstainable teil. Dank engagierter Tourismusanbieter ist die Region eine Swisstainable Destination.\" \/>\n<meta property=\"og:url\" content=\"https:\/\/www.myvaldetravers.ch\/de\/2026\/02\/07\/swisstainable\/\" \/>\n<meta property=\"og:site_name\" content=\"Destination Val-de-Travers\" \/>\n<meta property=\"article:publisher\" content=\"https:\/\/www.facebook.com\/DestinationValdeTravers\/\" \/>\n<meta property=\"article:published_time\" content=\"2026-02-07T08:00:10+00:00\" \/>\n<meta property=\"article:modified_time\" content=\"2026-03-23T09:59:35+00:00\" \/>\n<meta property=\"og:image\" content=\"https:\/\/www.myvaldetravers.ch\/wp-content\/uploads\/2021\/10\/Tamara-Berger_Creux-du-Van.png\" \/>\n\t<meta property=\"og:image:width\" content=\"605\" \/>\n\t<meta property=\"og:image:height\" content=\"454\" \/>\n\t<meta property=\"og:image:type\" content=\"image\/png\" \/>\n<meta name=\"author\" content=\"Destination Val-de-Travers\" \/>\n<meta name=\"twitter:card\" content=\"summary_large_image\" \/>\n<meta name=\"twitter:label1\" content=\"Verfasst von\" \/>\n\t<meta name=\"twitter:data1\" content=\"Destination Val-de-Travers\" \/>\n\t<meta name=\"twitter:label2\" content=\"Gesch\u00e4tzte Lesezeit\" \/>\n\t<meta name=\"twitter:data2\" content=\"3\u00a0Minuten\" \/>\n<script type=\"application\/ld+json\" class=\"yoast-schema-graph\">{\"@context\":\"https:\/\/schema.org\",\"@graph\":[{\"@type\":\"WebPage\",\"@id\":\"https:\/\/www.myvaldetravers.ch\/de\/2026\/02\/07\/swisstainable\/\",\"url\":\"https:\/\/www.myvaldetravers.ch\/de\/2026\/02\/07\/swisstainable\/\",\"name\":\"Swisstainable im Val-de-Travers\",\"isPartOf\":{\"@id\":\"https:\/\/www.myvaldetravers.ch\/de\/#website\"},\"primaryImageOfPage\":{\"@id\":\"https:\/\/www.myvaldetravers.ch\/de\/2026\/02\/07\/swisstainable\/#primaryimage\"},\"image\":{\"@id\":\"https:\/\/www.myvaldetravers.ch\/de\/2026\/02\/07\/swisstainable\/#primaryimage\"},\"thumbnailUrl\":\"https:\/\/www.myvaldetravers.ch\/wp-content\/uploads\/2021\/10\/Tamara-Berger_Creux-du-Van.png\",\"datePublished\":\"2026-02-07T08:00:10+00:00\",\"dateModified\":\"2026-03-23T09:59:35+00:00\",\"author\":{\"@id\":\"https:\/\/www.myvaldetravers.ch\/de\/#\/schema\/person\/8f4015e238574292b9fabbf4191412c6\"},\"description\":\"Das Val-de-Travers nimmt am Nachhaltigkeitsprogramm Swisstainable teil. Dank engagierter Tourismusanbieter ist die Region eine Swisstainable Destination.\",\"breadcrumb\":{\"@id\":\"https:\/\/www.myvaldetravers.ch\/de\/2026\/02\/07\/swisstainable\/#breadcrumb\"},\"inLanguage\":\"de\",\"potentialAction\":[{\"@type\":\"ReadAction\",\"target\":[\"https:\/\/www.myvaldetravers.ch\/de\/2026\/02\/07\/swisstainable\/\"]}]},{\"@type\":\"ImageObject\",\"inLanguage\":\"de\",\"@id\":\"https:\/\/www.myvaldetravers.ch\/de\/2026\/02\/07\/swisstainable\/#primaryimage\",\"url\":\"https:\/\/www.myvaldetravers.ch\/wp-content\/uploads\/2021\/10\/Tamara-Berger_Creux-du-Van.png\",\"contentUrl\":\"https:\/\/www.myvaldetravers.ch\/wp-content\/uploads\/2021\/10\/Tamara-Berger_Creux-du-Van.png\",\"width\":605,\"height\":454},{\"@type\":\"BreadcrumbList\",\"@id\":\"https:\/\/www.myvaldetravers.ch\/de\/2026\/02\/07\/swisstainable\/#breadcrumb\",\"itemListElement\":[{\"@type\":\"ListItem\",\"position\":1,\"name\":\"Accueil\",\"item\":\"https:\/\/www.myvaldetravers.ch\/de\/\"},{\"@type\":\"ListItem\",\"position\":2,\"name\":\"Das Val-de-Travers nimmt am Nachhaltigkeitsprogramm Swisstainable teil\"}]},{\"@type\":\"WebSite\",\"@id\":\"https:\/\/www.myvaldetravers.ch\/de\/#website\",\"url\":\"https:\/\/www.myvaldetravers.ch\/de\/\",\"name\":\"Destination Val-de-Travers\",\"description\":\"Il y a toujours quelque chose \u00e0 faire au Val-de-Travers.\",\"potentialAction\":[{\"@type\":\"SearchAction\",\"target\":{\"@type\":\"EntryPoint\",\"urlTemplate\":\"https:\/\/www.myvaldetravers.ch\/de\/?s={search_term_string}\"},\"query-input\":{\"@type\":\"PropertyValueSpecification\",\"valueRequired\":true,\"valueName\":\"search_term_string\"}}],\"inLanguage\":\"de\"},{\"@type\":\"Person\",\"@id\":\"https:\/\/www.myvaldetravers.ch\/de\/#\/schema\/person\/8f4015e238574292b9fabbf4191412c6\",\"name\":\"Destination Val-de-Travers\",\"image\":{\"@type\":\"ImageObject\",\"inLanguage\":\"de\",\"@id\":\"https:\/\/www.myvaldetravers.ch\/de\/#\/schema\/person\/image\/\",\"url\":\"https:\/\/secure.gravatar.com\/avatar\/71ca343ecfe74cc1b3fa4bf8e0f4ccb7?s=96&d=mm&r=g\",\"contentUrl\":\"https:\/\/secure.gravatar.com\/avatar\/71ca343ecfe74cc1b3fa4bf8e0f4ccb7?s=96&d=mm&r=g\",\"caption\":\"Destination Val-de-Travers\"},\"url\":\"https:\/\/www.myvaldetravers.ch\/de\/author\/laure\/\"}]}<\/script>\n<!-- \/ Yoast SEO plugin. -->","yoast_head_json":{"title":"Swisstainable im Val-de-Travers","description":"Das Val-de-Travers nimmt am Nachhaltigkeitsprogramm Swisstainable teil. Dank engagierter Tourismusanbieter ist die Region eine Swisstainable Destination.","robots":{"index":"index","follow":"follow","max-snippet":"max-snippet:-1","max-image-preview":"max-image-preview:large","max-video-preview":"max-video-preview:-1"},"canonical":"https:\/\/www.myvaldetravers.ch\/de\/2026\/02\/07\/swisstainable\/","og_locale":"de_DE","og_type":"article","og_title":"Swisstainable im Val-de-Travers","og_description":"Das Val-de-Travers nimmt am Nachhaltigkeitsprogramm Swisstainable teil. Dank engagierter Tourismusanbieter ist die Region eine Swisstainable Destination.","og_url":"https:\/\/www.myvaldetravers.ch\/de\/2026\/02\/07\/swisstainable\/","og_site_name":"Destination Val-de-Travers","article_publisher":"https:\/\/www.facebook.com\/DestinationValdeTravers\/","article_published_time":"2026-02-07T08:00:10+00:00","article_modified_time":"2026-03-23T09:59:35+00:00","og_image":[{"width":605,"height":454,"url":"https:\/\/www.myvaldetravers.ch\/wp-content\/uploads\/2021\/10\/Tamara-Berger_Creux-du-Van.png","type":"image\/png"}],"author":"Destination Val-de-Travers","twitter_card":"summary_large_image","twitter_misc":{"Verfasst von":"Destination Val-de-Travers","Gesch\u00e4tzte Lesezeit":"3\u00a0Minuten"},"schema":{"@context":"https:\/\/schema.org","@graph":[{"@type":"WebPage","@id":"https:\/\/www.myvaldetravers.ch\/de\/2026\/02\/07\/swisstainable\/","url":"https:\/\/www.myvaldetravers.ch\/de\/2026\/02\/07\/swisstainable\/","name":"Swisstainable im Val-de-Travers","isPartOf":{"@id":"https:\/\/www.myvaldetravers.ch\/de\/#website"},"primaryImageOfPage":{"@id":"https:\/\/www.myvaldetravers.ch\/de\/2026\/02\/07\/swisstainable\/#primaryimage"},"image":{"@id":"https:\/\/www.myvaldetravers.ch\/de\/2026\/02\/07\/swisstainable\/#primaryimage"},"thumbnailUrl":"https:\/\/www.myvaldetravers.ch\/wp-content\/uploads\/2021\/10\/Tamara-Berger_Creux-du-Van.png","datePublished":"2026-02-07T08:00:10+00:00","dateModified":"2026-03-23T09:59:35+00:00","author":{"@id":"https:\/\/www.myvaldetravers.ch\/de\/#\/schema\/person\/8f4015e238574292b9fabbf4191412c6"},"description":"Das Val-de-Travers nimmt am Nachhaltigkeitsprogramm Swisstainable teil. Dank engagierter Tourismusanbieter ist die Region eine Swisstainable Destination.","breadcrumb":{"@id":"https:\/\/www.myvaldetravers.ch\/de\/2026\/02\/07\/swisstainable\/#breadcrumb"},"inLanguage":"de","potentialAction":[{"@type":"ReadAction","target":["https:\/\/www.myvaldetravers.ch\/de\/2026\/02\/07\/swisstainable\/"]}]},{"@type":"ImageObject","inLanguage":"de","@id":"https:\/\/www.myvaldetravers.ch\/de\/2026\/02\/07\/swisstainable\/#primaryimage","url":"https:\/\/www.myvaldetravers.ch\/wp-content\/uploads\/2021\/10\/Tamara-Berger_Creux-du-Van.png","contentUrl":"https:\/\/www.myvaldetravers.ch\/wp-content\/uploads\/2021\/10\/Tamara-Berger_Creux-du-Van.png","width":605,"height":454},{"@type":"BreadcrumbList","@id":"https:\/\/www.myvaldetravers.ch\/de\/2026\/02\/07\/swisstainable\/#breadcrumb","itemListElement":[{"@type":"ListItem","position":1,"name":"Accueil","item":"https:\/\/www.myvaldetravers.ch\/de\/"},{"@type":"ListItem","position":2,"name":"Das Val-de-Travers nimmt am Nachhaltigkeitsprogramm Swisstainable teil"}]},{"@type":"WebSite","@id":"https:\/\/www.myvaldetravers.ch\/de\/#website","url":"https:\/\/www.myvaldetravers.ch\/de\/","name":"Destination Val-de-Travers","description":"Il y a toujours quelque chose \u00e0 faire au Val-de-Travers.","potentialAction":[{"@type":"SearchAction","target":{"@type":"EntryPoint","urlTemplate":"https:\/\/www.myvaldetravers.ch\/de\/?s={search_term_string}"},"query-input":{"@type":"PropertyValueSpecification","valueRequired":true,"valueName":"search_term_string"}}],"inLanguage":"de"},{"@type":"Person","@id":"https:\/\/www.myvaldetravers.ch\/de\/#\/schema\/person\/8f4015e238574292b9fabbf4191412c6","name":"Destination Val-de-Travers","image":{"@type":"ImageObject","inLanguage":"de","@id":"https:\/\/www.myvaldetravers.ch\/de\/#\/schema\/person\/image\/","url":"https:\/\/secure.gravatar.com\/avatar\/71ca343ecfe74cc1b3fa4bf8e0f4ccb7?s=96&d=mm&r=g","contentUrl":"https:\/\/secure.gravatar.com\/avatar\/71ca343ecfe74cc1b3fa4bf8e0f4ccb7?s=96&d=mm&r=g","caption":"Destination Val-de-Travers"},"url":"https:\/\/www.myvaldetravers.ch\/de\/author\/laure\/"}]}},"_links":{"self":[{"href":"https:\/\/www.myvaldetravers.ch\/de\/wp-json\/wp\/v2\/posts\/7059"}],"collection":[{"href":"https:\/\/www.myvaldetravers.ch\/de\/wp-json\/wp\/v2\/posts"}],"about":[{"href":"https:\/\/www.myvaldetravers.ch\/de\/wp-json\/wp\/v2\/types\/post"}],"author":[{"embeddable":true,"href":"https:\/\/www.myvaldetravers.ch\/de\/wp-json\/wp\/v2\/users\/73"}],"replies":[{"embeddable":true,"href":"https:\/\/www.myvaldetravers.ch\/de\/wp-json\/wp\/v2\/comments?post=7059"}],"version-history":[{"count":10,"href":"https:\/\/www.myvaldetravers.ch\/de\/wp-json\/wp\/v2\/posts\/7059\/revisions"}],"predecessor-version":[{"id":13886,"href":"https:\/\/www.myvaldetravers.ch\/de\/wp-json\/wp\/v2\/posts\/7059\/revisions\/13886"}],"wp:featuredmedia":[{"embeddable":true,"href":"https:\/\/www.myvaldetravers.ch\/de\/wp-json\/wp\/v2\/media\/13876"}],"wp:attachment":[{"href":"https:\/\/www.myvaldetravers.ch\/de\/wp-json\/wp\/v2\/media?parent=7059"}],"wp:term":[{"taxonomy":"category","embeddable":true,"href":"https:\/\/www.myvaldetravers.ch\/de\/wp-json\/wp\/v2\/categories?post=7059"},{"taxonomy":"post_tag","embeddable":true,"href":"https:\/\/www.myvaldetravers.ch\/de\/wp-json\/wp\/v2\/tags?post=7059"}],"curies":[{"name":"wp","href":"https:\/\/api.w.org\/{rel}","templated":true}]}}