{"id":7345,"date":"2025-07-02T09:29:37","date_gmt":"2025-07-02T07:29:37","guid":{"rendered":"https:\/\/www.myvaldetravers.ch\/?p=7345"},"modified":"2025-07-10T14:23:55","modified_gmt":"2025-07-10T12:23:55","slug":"gourmetwanderung","status":"publish","type":"post","link":"https:\/\/www.myvaldetravers.ch\/de\/2025\/07\/02\/gourmetwanderung\/","title":{"rendered":"Ein Gourmet-Fast-Montag im Val-de-Travers"},"content":{"rendered":"<h2>Der Genuss-Spaziergang wird zur Terroir-Schatzsuche<\/h2>\n<p data-start=\"179\" data-end=\"430\">Im Jahr 2024 haben viele von euch am traditionellen Genuss-Spaziergang entlang der unten beschriebenen Route teilgenommen. Dieses Jahr erwartet euch im Vallon ein ganz neues Konzept: die Terroir-Schatzsuche!<br data-start=\"386\" data-end=\"389\" \/>Weitere Informationen und Anmeldung hier!<\/p>\n<p><!--more--><\/p>\n<p>10 Gastronomen und Handwerker werden Sie mit ihren speziell f\u00fcr diesen Anlass zubereiteten Gerichten erfreuen. Um den Durst zu stillen, werden an jeder Station ein Glas Absinth oder Wein und ein Mineral angeboten. Alle Kunsthandwerker und Gastronomen kommen aus dem Vallon, so dass der Schwerpunkt auf lokalen und regionalen Produkten liegen wird. Um den \u00dcberraschungseffekt zu erhalten, werden vor der Veranstaltung keine Speisen bekannt gegeben!<\/p>\n<p><script>\nwindow.TWEBSHOP = {\nconfig: 'Neuchatel-ServiceProvider_tds',\nlanguage: 'de',\ntheme: {\nsticky: {\noffset: 20,\nzIndex: 2\n}\n}\n}\n<\/script><\/p>\n<style>\n#twebshop {<br \/>--tw-button-color: #ccd300;<br \/>--tw-button-text-color: #fff;<br \/>--tw-button-price-color: #ccd300;<br \/>--tw-button-price-text-color: #fff;<br \/>--tw-box-color: #ccd300;<br \/>--tw-box-text-color: #fff;<br \/>--tw-booking-color: #ccd300;<br \/>--tw-booking-text-color: #333;<br \/>}<br \/><\/style>\n<p><script src=\"https:\/\/twebshop.tomas-travel.com\/app\/experience\/widget\/app.js\"><\/script><\/p>\n<h4>Die Strecke<\/h4>\n<p>9,2 km unebene Abfahrt entlang des Flusses Areuse. Sie werden die Sch\u00f6nheit des Flusses bewundern k\u00f6nnen, w\u00e4hrend Sie die angebotenen Gerichte genie\u00dfen. Die Strecke ist f\u00fcr jedermann geeignet, da eine k\u00fcrzere Alternativroute auch f\u00fcr Kinderwagen zug\u00e4nglich ist &#8211; Familien sind also willkommen!<\/p>\n<p>Die Fahrt beginnt in M\u00f4tiers und endet in Les Mines d&#8217;asphalte, wo Sie\u00a0musikalisch empfangen werden.<\/p>\n<p><iframe loading=\"lazy\" title=\"Lundi du Je\u00fbne Gourmand au Val-de-Travers\" width=\"1170\" height=\"658\" src=\"https:\/\/www.youtube.com\/embed\/7VgIGUY_j2o?feature=oembed\" frameborder=\"0\" allow=\"accelerometer; autoplay; clipboard-write; encrypted-media; gyroscope; picture-in-picture; web-share\" referrerpolicy=\"strict-origin-when-cross-origin\" allowfullscreen><\/iframe><\/p>\n<h4>Praktische Informationen :<\/h4>\n<ul>\n<li>Der Ticketverkauf erfolgt ausschliesslich \u00fcber den <a href=\"https:\/\/shop.gout-region.ch\/fr\/66-balade-gourmande\" target=\"_blank\" rel=\"noopener\">Online-Shop von Go\u00fbt &amp; R\u00e9gion<\/a>, vor Ort findet kein Verkauf statt!<\/li>\n<li>Datum: Montag, 16. September 2024<\/li>\n<li>Abfahrt: zwischen 10:00 und 12:00 Uhr ab dem Restaurant Les Six-Communes in M\u00f4tiers<\/li>\n<li>Ankunft: zwischen 15:00 und 17:00 Uhr im Caf\u00e9 des Mines d&#8217;asphalte in La Presta<\/li>\n<li>L\u00e4nge der Strecke: 9,2 km (8,4 km f\u00fcr die Strecke mit Kinderwagen)<\/li>\n<li>M\u00f6glichkeit der Anreise mit \u00f6ffentlichen Verkehrsmitteln<\/li>\n<\/ul>\n<p><a href=\"https:\/\/shop.gout-region.ch\/de\/66-genusswanderung\" target=\"_blank\" rel=\"noopener\"><img loading=\"lazy\" decoding=\"async\" class=\"aligncenter wp-image-7346 size-medium\" src=\"https:\/\/www.myvaldetravers.ch\/wp-content\/uploads\/2021\/08\/20180917_Balade-Gourmande19-300x194.jpg\" alt=\"\" width=\"300\" height=\"194\" srcset=\"https:\/\/www.myvaldetravers.ch\/wp-content\/uploads\/2021\/08\/20180917_Balade-Gourmande19-300x194.jpg 300w, https:\/\/www.myvaldetravers.ch\/wp-content\/uploads\/2021\/08\/20180917_Balade-Gourmande19-1024x662.jpg 1024w, https:\/\/www.myvaldetravers.ch\/wp-content\/uploads\/2021\/08\/20180917_Balade-Gourmande19-768x496.jpg 768w, https:\/\/www.myvaldetravers.ch\/wp-content\/uploads\/2021\/08\/20180917_Balade-Gourmande19-1536x992.jpg 1536w, https:\/\/www.myvaldetravers.ch\/wp-content\/uploads\/2021\/08\/20180917_Balade-Gourmande19-2048x1323.jpg 2048w, https:\/\/www.myvaldetravers.ch\/wp-content\/uploads\/2021\/08\/20180917_Balade-Gourmande19-370x239.jpg 370w, https:\/\/www.myvaldetravers.ch\/wp-content\/uploads\/2021\/08\/20180917_Balade-Gourmande19-760x491.jpg 760w\" sizes=\"(max-width: 300px) 100vw, 300px\" \/><\/a><\/p>\n","protected":false},"excerpt":{"rendered":"<p>Der Genuss-Spaziergang wird zur Terroir-Schatzsuche Im Jahr 2024 haben viele von euch am traditionellen Genuss-Spaziergang entlang der unten beschriebenen Route teilgenommen. Dieses Jahr erwartet euch im Vallon ein ganz neues&hellip;<\/p>\n","protected":false},"author":73,"featured_media":7354,"comment_status":"closed","ping_status":"closed","sticky":false,"template":"","format":"standard","meta":{"footnotes":"","mc4wp_mailchimp_campaign":[]},"categories":[70],"tags":[],"yoast_head":"<!-- This site is optimized with the Yoast SEO plugin v23.5 - https:\/\/yoast.com\/wordpress\/plugins\/seo\/ -->\n<title>Gourmet-Balade 2024 | Destination Val-de-Travers<\/title>\n<meta name=\"description\" content=\"Die Gourmet-Balade wird am 16. September 2027 zum 7. Mal stattfinden, mit 10 Handwerkern und Gastronomen.\" \/>\n<meta name=\"robots\" content=\"index, follow, max-snippet:-1, max-image-preview:large, max-video-preview:-1\" \/>\n<link rel=\"canonical\" href=\"https:\/\/www.myvaldetravers.ch\/de\/2025\/07\/02\/gourmetwanderung\/\" \/>\n<meta property=\"og:locale\" content=\"de_DE\" \/>\n<meta property=\"og:type\" content=\"article\" \/>\n<meta property=\"og:title\" content=\"Gourmet-Balade 2024 | Destination Val-de-Travers\" \/>\n<meta property=\"og:description\" content=\"Die Gourmet-Balade wird am 16. September 2027 zum 7. Mal stattfinden, mit 10 Handwerkern und Gastronomen.\" \/>\n<meta property=\"og:url\" content=\"https:\/\/www.myvaldetravers.ch\/de\/2025\/07\/02\/gourmetwanderung\/\" \/>\n<meta property=\"og:site_name\" content=\"Destination Val-de-Travers\" \/>\n<meta property=\"article:publisher\" content=\"https:\/\/www.facebook.com\/DestinationValdeTravers\/\" \/>\n<meta property=\"article:published_time\" content=\"2025-07-02T07:29:37+00:00\" \/>\n<meta property=\"article:modified_time\" content=\"2025-07-10T12:23:55+00:00\" \/>\n<meta property=\"og:image\" content=\"https:\/\/www.myvaldetravers.ch\/wp-content\/uploads\/2021\/08\/20180917_Balade-Gourmande04-scaled.jpg\" \/>\n\t<meta property=\"og:image:width\" content=\"2560\" \/>\n\t<meta property=\"og:image:height\" content=\"1707\" \/>\n\t<meta property=\"og:image:type\" content=\"image\/jpeg\" \/>\n<meta name=\"author\" content=\"Destination Val-de-Travers\" \/>\n<meta name=\"twitter:card\" content=\"summary_large_image\" \/>\n<meta name=\"twitter:label1\" content=\"Verfasst von\" \/>\n\t<meta name=\"twitter:data1\" content=\"Destination Val-de-Travers\" \/>\n\t<meta name=\"twitter:label2\" content=\"Gesch\u00e4tzte Lesezeit\" \/>\n\t<meta name=\"twitter:data2\" content=\"2\u00a0Minuten\" \/>\n<script type=\"application\/ld+json\" class=\"yoast-schema-graph\">{\"@context\":\"https:\/\/schema.org\",\"@graph\":[{\"@type\":\"WebPage\",\"@id\":\"https:\/\/www.myvaldetravers.ch\/de\/2025\/07\/02\/gourmetwanderung\/\",\"url\":\"https:\/\/www.myvaldetravers.ch\/de\/2025\/07\/02\/gourmetwanderung\/\",\"name\":\"Gourmet-Balade 2024 | Destination Val-de-Travers\",\"isPartOf\":{\"@id\":\"https:\/\/www.myvaldetravers.ch\/de\/#website\"},\"primaryImageOfPage\":{\"@id\":\"https:\/\/www.myvaldetravers.ch\/de\/2025\/07\/02\/gourmetwanderung\/#primaryimage\"},\"image\":{\"@id\":\"https:\/\/www.myvaldetravers.ch\/de\/2025\/07\/02\/gourmetwanderung\/#primaryimage\"},\"thumbnailUrl\":\"https:\/\/www.myvaldetravers.ch\/wp-content\/uploads\/2021\/08\/20180917_Balade-Gourmande04-scaled.jpg\",\"datePublished\":\"2025-07-02T07:29:37+00:00\",\"dateModified\":\"2025-07-10T12:23:55+00:00\",\"author\":{\"@id\":\"https:\/\/www.myvaldetravers.ch\/de\/#\/schema\/person\/8f4015e238574292b9fabbf4191412c6\"},\"description\":\"Die Gourmet-Balade wird am 16. September 2027 zum 7. Mal stattfinden, mit 10 Handwerkern und Gastronomen.\",\"breadcrumb\":{\"@id\":\"https:\/\/www.myvaldetravers.ch\/de\/2025\/07\/02\/gourmetwanderung\/#breadcrumb\"},\"inLanguage\":\"de\",\"potentialAction\":[{\"@type\":\"ReadAction\",\"target\":[\"https:\/\/www.myvaldetravers.ch\/de\/2025\/07\/02\/gourmetwanderung\/\"]}]},{\"@type\":\"ImageObject\",\"inLanguage\":\"de\",\"@id\":\"https:\/\/www.myvaldetravers.ch\/de\/2025\/07\/02\/gourmetwanderung\/#primaryimage\",\"url\":\"https:\/\/www.myvaldetravers.ch\/wp-content\/uploads\/2021\/08\/20180917_Balade-Gourmande04-scaled.jpg\",\"contentUrl\":\"https:\/\/www.myvaldetravers.ch\/wp-content\/uploads\/2021\/08\/20180917_Balade-Gourmande04-scaled.jpg\",\"width\":2560,\"height\":1707,\"caption\":\"Balade Gourmande du Val-de-Travers \u00a9 Line de Kaenel\"},{\"@type\":\"BreadcrumbList\",\"@id\":\"https:\/\/www.myvaldetravers.ch\/de\/2025\/07\/02\/gourmetwanderung\/#breadcrumb\",\"itemListElement\":[{\"@type\":\"ListItem\",\"position\":1,\"name\":\"Accueil\",\"item\":\"https:\/\/www.myvaldetravers.ch\/de\/\"},{\"@type\":\"ListItem\",\"position\":2,\"name\":\"Ein Gourmet-Fast-Montag im Val-de-Travers\"}]},{\"@type\":\"WebSite\",\"@id\":\"https:\/\/www.myvaldetravers.ch\/de\/#website\",\"url\":\"https:\/\/www.myvaldetravers.ch\/de\/\",\"name\":\"Destination Val-de-Travers\",\"description\":\"Il y a toujours quelque chose \u00e0 faire au Val-de-Travers.\",\"potentialAction\":[{\"@type\":\"SearchAction\",\"target\":{\"@type\":\"EntryPoint\",\"urlTemplate\":\"https:\/\/www.myvaldetravers.ch\/de\/?s={search_term_string}\"},\"query-input\":{\"@type\":\"PropertyValueSpecification\",\"valueRequired\":true,\"valueName\":\"search_term_string\"}}],\"inLanguage\":\"de\"},{\"@type\":\"Person\",\"@id\":\"https:\/\/www.myvaldetravers.ch\/de\/#\/schema\/person\/8f4015e238574292b9fabbf4191412c6\",\"name\":\"Destination Val-de-Travers\",\"image\":{\"@type\":\"ImageObject\",\"inLanguage\":\"de\",\"@id\":\"https:\/\/www.myvaldetravers.ch\/de\/#\/schema\/person\/image\/\",\"url\":\"https:\/\/secure.gravatar.com\/avatar\/71ca343ecfe74cc1b3fa4bf8e0f4ccb7?s=96&d=mm&r=g\",\"contentUrl\":\"https:\/\/secure.gravatar.com\/avatar\/71ca343ecfe74cc1b3fa4bf8e0f4ccb7?s=96&d=mm&r=g\",\"caption\":\"Destination Val-de-Travers\"},\"url\":\"https:\/\/www.myvaldetravers.ch\/de\/author\/laure\/\"}]}<\/script>\n<!-- \/ Yoast SEO plugin. -->","yoast_head_json":{"title":"Gourmet-Balade 2024 | Destination Val-de-Travers","description":"Die Gourmet-Balade wird am 16. September 2027 zum 7. Mal stattfinden, mit 10 Handwerkern und Gastronomen.","robots":{"index":"index","follow":"follow","max-snippet":"max-snippet:-1","max-image-preview":"max-image-preview:large","max-video-preview":"max-video-preview:-1"},"canonical":"https:\/\/www.myvaldetravers.ch\/de\/2025\/07\/02\/gourmetwanderung\/","og_locale":"de_DE","og_type":"article","og_title":"Gourmet-Balade 2024 | Destination Val-de-Travers","og_description":"Die Gourmet-Balade wird am 16. September 2027 zum 7. Mal stattfinden, mit 10 Handwerkern und Gastronomen.","og_url":"https:\/\/www.myvaldetravers.ch\/de\/2025\/07\/02\/gourmetwanderung\/","og_site_name":"Destination Val-de-Travers","article_publisher":"https:\/\/www.facebook.com\/DestinationValdeTravers\/","article_published_time":"2025-07-02T07:29:37+00:00","article_modified_time":"2025-07-10T12:23:55+00:00","og_image":[{"width":2560,"height":1707,"url":"https:\/\/www.myvaldetravers.ch\/wp-content\/uploads\/2021\/08\/20180917_Balade-Gourmande04-scaled.jpg","type":"image\/jpeg"}],"author":"Destination Val-de-Travers","twitter_card":"summary_large_image","twitter_misc":{"Verfasst von":"Destination Val-de-Travers","Gesch\u00e4tzte Lesezeit":"2\u00a0Minuten"},"schema":{"@context":"https:\/\/schema.org","@graph":[{"@type":"WebPage","@id":"https:\/\/www.myvaldetravers.ch\/de\/2025\/07\/02\/gourmetwanderung\/","url":"https:\/\/www.myvaldetravers.ch\/de\/2025\/07\/02\/gourmetwanderung\/","name":"Gourmet-Balade 2024 | Destination Val-de-Travers","isPartOf":{"@id":"https:\/\/www.myvaldetravers.ch\/de\/#website"},"primaryImageOfPage":{"@id":"https:\/\/www.myvaldetravers.ch\/de\/2025\/07\/02\/gourmetwanderung\/#primaryimage"},"image":{"@id":"https:\/\/www.myvaldetravers.ch\/de\/2025\/07\/02\/gourmetwanderung\/#primaryimage"},"thumbnailUrl":"https:\/\/www.myvaldetravers.ch\/wp-content\/uploads\/2021\/08\/20180917_Balade-Gourmande04-scaled.jpg","datePublished":"2025-07-02T07:29:37+00:00","dateModified":"2025-07-10T12:23:55+00:00","author":{"@id":"https:\/\/www.myvaldetravers.ch\/de\/#\/schema\/person\/8f4015e238574292b9fabbf4191412c6"},"description":"Die Gourmet-Balade wird am 16. September 2027 zum 7. Mal stattfinden, mit 10 Handwerkern und Gastronomen.","breadcrumb":{"@id":"https:\/\/www.myvaldetravers.ch\/de\/2025\/07\/02\/gourmetwanderung\/#breadcrumb"},"inLanguage":"de","potentialAction":[{"@type":"ReadAction","target":["https:\/\/www.myvaldetravers.ch\/de\/2025\/07\/02\/gourmetwanderung\/"]}]},{"@type":"ImageObject","inLanguage":"de","@id":"https:\/\/www.myvaldetravers.ch\/de\/2025\/07\/02\/gourmetwanderung\/#primaryimage","url":"https:\/\/www.myvaldetravers.ch\/wp-content\/uploads\/2021\/08\/20180917_Balade-Gourmande04-scaled.jpg","contentUrl":"https:\/\/www.myvaldetravers.ch\/wp-content\/uploads\/2021\/08\/20180917_Balade-Gourmande04-scaled.jpg","width":2560,"height":1707,"caption":"Balade Gourmande du Val-de-Travers \u00a9 Line de Kaenel"},{"@type":"BreadcrumbList","@id":"https:\/\/www.myvaldetravers.ch\/de\/2025\/07\/02\/gourmetwanderung\/#breadcrumb","itemListElement":[{"@type":"ListItem","position":1,"name":"Accueil","item":"https:\/\/www.myvaldetravers.ch\/de\/"},{"@type":"ListItem","position":2,"name":"Ein Gourmet-Fast-Montag im Val-de-Travers"}]},{"@type":"WebSite","@id":"https:\/\/www.myvaldetravers.ch\/de\/#website","url":"https:\/\/www.myvaldetravers.ch\/de\/","name":"Destination Val-de-Travers","description":"Il y a toujours quelque chose \u00e0 faire au Val-de-Travers.","potentialAction":[{"@type":"SearchAction","target":{"@type":"EntryPoint","urlTemplate":"https:\/\/www.myvaldetravers.ch\/de\/?s={search_term_string}"},"query-input":{"@type":"PropertyValueSpecification","valueRequired":true,"valueName":"search_term_string"}}],"inLanguage":"de"},{"@type":"Person","@id":"https:\/\/www.myvaldetravers.ch\/de\/#\/schema\/person\/8f4015e238574292b9fabbf4191412c6","name":"Destination Val-de-Travers","image":{"@type":"ImageObject","inLanguage":"de","@id":"https:\/\/www.myvaldetravers.ch\/de\/#\/schema\/person\/image\/","url":"https:\/\/secure.gravatar.com\/avatar\/71ca343ecfe74cc1b3fa4bf8e0f4ccb7?s=96&d=mm&r=g","contentUrl":"https:\/\/secure.gravatar.com\/avatar\/71ca343ecfe74cc1b3fa4bf8e0f4ccb7?s=96&d=mm&r=g","caption":"Destination Val-de-Travers"},"url":"https:\/\/www.myvaldetravers.ch\/de\/author\/laure\/"}]}},"_links":{"self":[{"href":"https:\/\/www.myvaldetravers.ch\/de\/wp-json\/wp\/v2\/posts\/7345"}],"collection":[{"href":"https:\/\/www.myvaldetravers.ch\/de\/wp-json\/wp\/v2\/posts"}],"about":[{"href":"https:\/\/www.myvaldetravers.ch\/de\/wp-json\/wp\/v2\/types\/post"}],"author":[{"embeddable":true,"href":"https:\/\/www.myvaldetravers.ch\/de\/wp-json\/wp\/v2\/users\/73"}],"replies":[{"embeddable":true,"href":"https:\/\/www.myvaldetravers.ch\/de\/wp-json\/wp\/v2\/comments?post=7345"}],"version-history":[{"count":16,"href":"https:\/\/www.myvaldetravers.ch\/de\/wp-json\/wp\/v2\/posts\/7345\/revisions"}],"predecessor-version":[{"id":14414,"href":"https:\/\/www.myvaldetravers.ch\/de\/wp-json\/wp\/v2\/posts\/7345\/revisions\/14414"}],"wp:featuredmedia":[{"embeddable":true,"href":"https:\/\/www.myvaldetravers.ch\/de\/wp-json\/wp\/v2\/media\/7354"}],"wp:attachment":[{"href":"https:\/\/www.myvaldetravers.ch\/de\/wp-json\/wp\/v2\/media?parent=7345"}],"wp:term":[{"taxonomy":"category","embeddable":true,"href":"https:\/\/www.myvaldetravers.ch\/de\/wp-json\/wp\/v2\/categories?post=7345"},{"taxonomy":"post_tag","embeddable":true,"href":"https:\/\/www.myvaldetravers.ch\/de\/wp-json\/wp\/v2\/tags?post=7345"}],"curies":[{"name":"wp","href":"https:\/\/api.w.org\/{rel}","templated":true}]}}