{"id":7576,"date":"2025-10-01T10:00:57","date_gmt":"2025-10-01T08:00:57","guid":{"rendered":"https:\/\/www.myvaldetravers.ch\/?p=7576"},"modified":"2025-10-15T15:10:44","modified_gmt":"2025-10-15T13:10:44","slug":"kulturtag-im-val-de-travers","status":"publish","type":"post","link":"https:\/\/www.myvaldetravers.ch\/de\/2025\/10\/01\/kulturtag-im-val-de-travers\/","title":{"rendered":"F\u00fcnfte Ausgabe der Offenen T\u00fcr der Kultur"},"content":{"rendered":"<h2>Vierte Ausgabe der Offenen T\u00fcr der Kultur<\/h2>\n<p><!--more-->Nach dem Erfolg von 2023 findet der Tag der offenen T\u00fcr der Kultur auch dieses Jahr wieder ein ganzes Wochenende lang statt! Nicht weniger als 15 Kulturakteure werden Sie bei sich zu Hause willkommen hei\u00dfen und Ihnen einen Blick hinter die Kulissen ihrer Institutionen gew\u00e4hren. Gef\u00fchrte Besichtigungen, Workshops, Vorf\u00fchrungen, Pr\u00e4sentationen und Filmvorf\u00fchrungen bestimmen den Rhythmus <strong>des 1. und 2. November 2025<\/strong>, damit Sie das reiche kulturelle Erbe des Val-de-Travers (wieder) entdecken k\u00f6nnen. Die Tage werden, sofern im Programm nicht anders angegeben, kostenlos oder mit Hut sein, damit sich jeder \u00fcberall willkommen f\u00fchlt.<\/p>\n<div id=\"none\">\n<p>Das Programm ist <a href=\"https:\/\/www.myvaldetravers.ch\/wp-content\/uploads\/2025\/10\/Desti-VdT-depliant-WPO25-A3.pdf\">online<\/a>!<\/p>\n<h3>\u00dcberraschungsausflug rund um ein lebendiges Kulturerbe<\/h3>\n<p>Lassen Sie sich an diesem Wochenende von unserem Reiseleiter f\u00fchren und gehen Sie auf Entdeckungsreise durch das lebendige Kulturerbe des Val-de-Travers. Treffen Sie an diesem Tag Handwerker und K\u00fcnstler, besuchen Sie einige einzigartige Kulturst\u00e4tten im Vallon und entdecken Sie exklusive Objekte oder Sammlungen. Unterwegs werden Ihnen in verschiedenen Restaurants ein m\u00e4rchenhafter Aperitif, eine Spezialit\u00e4t des K\u00fcchenchefs und eine Feinschmeckerpause angeboten.<\/p>\n<p>Obligatorische Reservierungen \u00fcber den <a href=\"https:\/\/shop.gout-region.ch\/fr\/75-week-end-portes-ouvertes\">Online-Shop<\/a><\/p>\n<h3>Partner<\/h3>\n<p>Ob Sie nun ein Kulturliebhaber, ein Neugieriger, ein Einheimischer des Val-de-Travers oder ein Einwohner einer anderen Region sind, es wurde alles getan, um Ihnen ein einzigartiges Kulturerlebnis zu bieten! Die teilnehmenden Kulturakteure sind die folgenden:<\/p>\n<ul>\n<li>Le S\u00e9choir \u00e0 Absinthe<\/li>\n<li>La Pension Beauregard<\/li>\n<li>Le Mus\u00e9e des Mascarons<\/li>\n<li>Le Th\u00e9\u00e2tre des Mascarons<\/li>\n<li>Le RVT-Historique<\/li>\n<li>L&#8217;Association Bourbaki Les Verri\u00e8res<\/li>\n<li>Le Vapeur Val-de-Travers<\/li>\n<li>Le Cin\u00e9ma Colis\u00e9e<\/li>\n<li>Le Mus\u00e9e d&#8217;Art Arborig\u00e8ne Australien<\/li>\n<li>Le Mus\u00e9e de l&#8217;Automobile<\/li>\n<li>L&#8217;Atelier Pic&#8217;s Art<\/li>\n<li>Altary c\u00e9ramique<\/li>\n<li>La Maison de l&#8217;Absinthe<\/li>\n<li>La Maison de l&#8217;Industrie<\/li>\n<li>Les Mines d&#8217;asphalte<\/li>\n<li>La Fondation Lermite \u00e0 Couvet<\/li>\n<li>La Fondation Lermite \u00e0 St-Sulpice<\/li>\n<li>La Fondation L\u00e9on Perrin<\/li>\n<\/ul>\n<\/div>\n","protected":false},"excerpt":{"rendered":"<p>Vierte Ausgabe der Offenen T\u00fcr der Kultur<\/p>\n","protected":false},"author":73,"featured_media":14554,"comment_status":"closed","ping_status":"closed","sticky":false,"template":"","format":"standard","meta":{"footnotes":"","mc4wp_mailchimp_campaign":[]},"categories":[70],"tags":[],"yoast_head":"<!-- This site is optimized with the Yoast SEO plugin v23.5 - https:\/\/yoast.com\/wordpress\/plugins\/seo\/ -->\n<title>Kulturtag im Val-de-Travers | Destination Val-de-Travers<\/title>\n<meta name=\"description\" content=\"Am 1. und 2. November findet der zweite Kulturtag statt! Entdecken Sie mit den verschiedenen Teilnehmern das reiche kulturelle Erbe der Region.\" \/>\n<meta name=\"robots\" content=\"index, follow, max-snippet:-1, max-image-preview:large, max-video-preview:-1\" \/>\n<link rel=\"canonical\" href=\"https:\/\/www.myvaldetravers.ch\/de\/2025\/10\/01\/kulturtag-im-val-de-travers\/\" \/>\n<meta property=\"og:locale\" content=\"de_DE\" \/>\n<meta property=\"og:type\" content=\"article\" \/>\n<meta property=\"og:title\" content=\"Kulturtag im Val-de-Travers | Destination Val-de-Travers\" \/>\n<meta property=\"og:description\" content=\"Am 1. und 2. November findet der zweite Kulturtag statt! Entdecken Sie mit den verschiedenen Teilnehmern das reiche kulturelle Erbe der Region.\" \/>\n<meta property=\"og:url\" content=\"https:\/\/www.myvaldetravers.ch\/de\/2025\/10\/01\/kulturtag-im-val-de-travers\/\" \/>\n<meta property=\"og:site_name\" content=\"Destination Val-de-Travers\" \/>\n<meta property=\"article:publisher\" content=\"https:\/\/www.facebook.com\/DestinationValdeTravers\/\" \/>\n<meta property=\"article:published_time\" content=\"2025-10-01T08:00:57+00:00\" \/>\n<meta property=\"article:modified_time\" content=\"2025-10-15T13:10:44+00:00\" \/>\n<meta property=\"og:image\" content=\"https:\/\/www.myvaldetravers.ch\/wp-content\/uploads\/2024\/10\/Desti-VdT-carre-resaux-sociaux-WPO25-1080x1080px.jpg\" \/>\n\t<meta property=\"og:image:width\" content=\"1080\" \/>\n\t<meta property=\"og:image:height\" content=\"1080\" \/>\n\t<meta property=\"og:image:type\" content=\"image\/jpeg\" \/>\n<meta name=\"author\" content=\"Destination Val-de-Travers\" \/>\n<meta name=\"twitter:card\" content=\"summary_large_image\" \/>\n<meta name=\"twitter:label1\" content=\"Verfasst von\" \/>\n\t<meta name=\"twitter:data1\" content=\"Destination Val-de-Travers\" \/>\n\t<meta name=\"twitter:label2\" content=\"Gesch\u00e4tzte Lesezeit\" \/>\n\t<meta name=\"twitter:data2\" content=\"2\u00a0Minuten\" \/>\n<script type=\"application\/ld+json\" class=\"yoast-schema-graph\">{\"@context\":\"https:\/\/schema.org\",\"@graph\":[{\"@type\":\"WebPage\",\"@id\":\"https:\/\/www.myvaldetravers.ch\/de\/2025\/10\/01\/kulturtag-im-val-de-travers\/\",\"url\":\"https:\/\/www.myvaldetravers.ch\/de\/2025\/10\/01\/kulturtag-im-val-de-travers\/\",\"name\":\"Kulturtag im Val-de-Travers | Destination Val-de-Travers\",\"isPartOf\":{\"@id\":\"https:\/\/www.myvaldetravers.ch\/de\/#website\"},\"primaryImageOfPage\":{\"@id\":\"https:\/\/www.myvaldetravers.ch\/de\/2025\/10\/01\/kulturtag-im-val-de-travers\/#primaryimage\"},\"image\":{\"@id\":\"https:\/\/www.myvaldetravers.ch\/de\/2025\/10\/01\/kulturtag-im-val-de-travers\/#primaryimage\"},\"thumbnailUrl\":\"https:\/\/www.myvaldetravers.ch\/wp-content\/uploads\/2024\/10\/Desti-VdT-carre-resaux-sociaux-WPO25-1080x1080px.jpg\",\"datePublished\":\"2025-10-01T08:00:57+00:00\",\"dateModified\":\"2025-10-15T13:10:44+00:00\",\"author\":{\"@id\":\"https:\/\/www.myvaldetravers.ch\/de\/#\/schema\/person\/8f4015e238574292b9fabbf4191412c6\"},\"description\":\"Am 1. und 2. November findet der zweite Kulturtag statt! Entdecken Sie mit den verschiedenen Teilnehmern das reiche kulturelle Erbe der Region.\",\"breadcrumb\":{\"@id\":\"https:\/\/www.myvaldetravers.ch\/de\/2025\/10\/01\/kulturtag-im-val-de-travers\/#breadcrumb\"},\"inLanguage\":\"de\",\"potentialAction\":[{\"@type\":\"ReadAction\",\"target\":[\"https:\/\/www.myvaldetravers.ch\/de\/2025\/10\/01\/kulturtag-im-val-de-travers\/\"]}]},{\"@type\":\"ImageObject\",\"inLanguage\":\"de\",\"@id\":\"https:\/\/www.myvaldetravers.ch\/de\/2025\/10\/01\/kulturtag-im-val-de-travers\/#primaryimage\",\"url\":\"https:\/\/www.myvaldetravers.ch\/wp-content\/uploads\/2024\/10\/Desti-VdT-carre-resaux-sociaux-WPO25-1080x1080px.jpg\",\"contentUrl\":\"https:\/\/www.myvaldetravers.ch\/wp-content\/uploads\/2024\/10\/Desti-VdT-carre-resaux-sociaux-WPO25-1080x1080px.jpg\",\"width\":1080,\"height\":1080},{\"@type\":\"BreadcrumbList\",\"@id\":\"https:\/\/www.myvaldetravers.ch\/de\/2025\/10\/01\/kulturtag-im-val-de-travers\/#breadcrumb\",\"itemListElement\":[{\"@type\":\"ListItem\",\"position\":1,\"name\":\"Accueil\",\"item\":\"https:\/\/www.myvaldetravers.ch\/de\/\"},{\"@type\":\"ListItem\",\"position\":2,\"name\":\"F\u00fcnfte Ausgabe der Offenen T\u00fcr der Kultur\"}]},{\"@type\":\"WebSite\",\"@id\":\"https:\/\/www.myvaldetravers.ch\/de\/#website\",\"url\":\"https:\/\/www.myvaldetravers.ch\/de\/\",\"name\":\"Destination Val-de-Travers\",\"description\":\"Il y a toujours quelque chose \u00e0 faire au Val-de-Travers.\",\"potentialAction\":[{\"@type\":\"SearchAction\",\"target\":{\"@type\":\"EntryPoint\",\"urlTemplate\":\"https:\/\/www.myvaldetravers.ch\/de\/?s={search_term_string}\"},\"query-input\":{\"@type\":\"PropertyValueSpecification\",\"valueRequired\":true,\"valueName\":\"search_term_string\"}}],\"inLanguage\":\"de\"},{\"@type\":\"Person\",\"@id\":\"https:\/\/www.myvaldetravers.ch\/de\/#\/schema\/person\/8f4015e238574292b9fabbf4191412c6\",\"name\":\"Destination Val-de-Travers\",\"image\":{\"@type\":\"ImageObject\",\"inLanguage\":\"de\",\"@id\":\"https:\/\/www.myvaldetravers.ch\/de\/#\/schema\/person\/image\/\",\"url\":\"https:\/\/secure.gravatar.com\/avatar\/71ca343ecfe74cc1b3fa4bf8e0f4ccb7?s=96&d=mm&r=g\",\"contentUrl\":\"https:\/\/secure.gravatar.com\/avatar\/71ca343ecfe74cc1b3fa4bf8e0f4ccb7?s=96&d=mm&r=g\",\"caption\":\"Destination Val-de-Travers\"},\"url\":\"https:\/\/www.myvaldetravers.ch\/de\/author\/laure\/\"}]}<\/script>\n<!-- \/ Yoast SEO plugin. -->","yoast_head_json":{"title":"Kulturtag im Val-de-Travers | Destination Val-de-Travers","description":"Am 1. und 2. November findet der zweite Kulturtag statt! Entdecken Sie mit den verschiedenen Teilnehmern das reiche kulturelle Erbe der Region.","robots":{"index":"index","follow":"follow","max-snippet":"max-snippet:-1","max-image-preview":"max-image-preview:large","max-video-preview":"max-video-preview:-1"},"canonical":"https:\/\/www.myvaldetravers.ch\/de\/2025\/10\/01\/kulturtag-im-val-de-travers\/","og_locale":"de_DE","og_type":"article","og_title":"Kulturtag im Val-de-Travers | Destination Val-de-Travers","og_description":"Am 1. und 2. November findet der zweite Kulturtag statt! Entdecken Sie mit den verschiedenen Teilnehmern das reiche kulturelle Erbe der Region.","og_url":"https:\/\/www.myvaldetravers.ch\/de\/2025\/10\/01\/kulturtag-im-val-de-travers\/","og_site_name":"Destination Val-de-Travers","article_publisher":"https:\/\/www.facebook.com\/DestinationValdeTravers\/","article_published_time":"2025-10-01T08:00:57+00:00","article_modified_time":"2025-10-15T13:10:44+00:00","og_image":[{"width":1080,"height":1080,"url":"https:\/\/www.myvaldetravers.ch\/wp-content\/uploads\/2024\/10\/Desti-VdT-carre-resaux-sociaux-WPO25-1080x1080px.jpg","type":"image\/jpeg"}],"author":"Destination Val-de-Travers","twitter_card":"summary_large_image","twitter_misc":{"Verfasst von":"Destination Val-de-Travers","Gesch\u00e4tzte Lesezeit":"2\u00a0Minuten"},"schema":{"@context":"https:\/\/schema.org","@graph":[{"@type":"WebPage","@id":"https:\/\/www.myvaldetravers.ch\/de\/2025\/10\/01\/kulturtag-im-val-de-travers\/","url":"https:\/\/www.myvaldetravers.ch\/de\/2025\/10\/01\/kulturtag-im-val-de-travers\/","name":"Kulturtag im Val-de-Travers | Destination Val-de-Travers","isPartOf":{"@id":"https:\/\/www.myvaldetravers.ch\/de\/#website"},"primaryImageOfPage":{"@id":"https:\/\/www.myvaldetravers.ch\/de\/2025\/10\/01\/kulturtag-im-val-de-travers\/#primaryimage"},"image":{"@id":"https:\/\/www.myvaldetravers.ch\/de\/2025\/10\/01\/kulturtag-im-val-de-travers\/#primaryimage"},"thumbnailUrl":"https:\/\/www.myvaldetravers.ch\/wp-content\/uploads\/2024\/10\/Desti-VdT-carre-resaux-sociaux-WPO25-1080x1080px.jpg","datePublished":"2025-10-01T08:00:57+00:00","dateModified":"2025-10-15T13:10:44+00:00","author":{"@id":"https:\/\/www.myvaldetravers.ch\/de\/#\/schema\/person\/8f4015e238574292b9fabbf4191412c6"},"description":"Am 1. und 2. November findet der zweite Kulturtag statt! Entdecken Sie mit den verschiedenen Teilnehmern das reiche kulturelle Erbe der Region.","breadcrumb":{"@id":"https:\/\/www.myvaldetravers.ch\/de\/2025\/10\/01\/kulturtag-im-val-de-travers\/#breadcrumb"},"inLanguage":"de","potentialAction":[{"@type":"ReadAction","target":["https:\/\/www.myvaldetravers.ch\/de\/2025\/10\/01\/kulturtag-im-val-de-travers\/"]}]},{"@type":"ImageObject","inLanguage":"de","@id":"https:\/\/www.myvaldetravers.ch\/de\/2025\/10\/01\/kulturtag-im-val-de-travers\/#primaryimage","url":"https:\/\/www.myvaldetravers.ch\/wp-content\/uploads\/2024\/10\/Desti-VdT-carre-resaux-sociaux-WPO25-1080x1080px.jpg","contentUrl":"https:\/\/www.myvaldetravers.ch\/wp-content\/uploads\/2024\/10\/Desti-VdT-carre-resaux-sociaux-WPO25-1080x1080px.jpg","width":1080,"height":1080},{"@type":"BreadcrumbList","@id":"https:\/\/www.myvaldetravers.ch\/de\/2025\/10\/01\/kulturtag-im-val-de-travers\/#breadcrumb","itemListElement":[{"@type":"ListItem","position":1,"name":"Accueil","item":"https:\/\/www.myvaldetravers.ch\/de\/"},{"@type":"ListItem","position":2,"name":"F\u00fcnfte Ausgabe der Offenen T\u00fcr der Kultur"}]},{"@type":"WebSite","@id":"https:\/\/www.myvaldetravers.ch\/de\/#website","url":"https:\/\/www.myvaldetravers.ch\/de\/","name":"Destination Val-de-Travers","description":"Il y a toujours quelque chose \u00e0 faire au Val-de-Travers.","potentialAction":[{"@type":"SearchAction","target":{"@type":"EntryPoint","urlTemplate":"https:\/\/www.myvaldetravers.ch\/de\/?s={search_term_string}"},"query-input":{"@type":"PropertyValueSpecification","valueRequired":true,"valueName":"search_term_string"}}],"inLanguage":"de"},{"@type":"Person","@id":"https:\/\/www.myvaldetravers.ch\/de\/#\/schema\/person\/8f4015e238574292b9fabbf4191412c6","name":"Destination Val-de-Travers","image":{"@type":"ImageObject","inLanguage":"de","@id":"https:\/\/www.myvaldetravers.ch\/de\/#\/schema\/person\/image\/","url":"https:\/\/secure.gravatar.com\/avatar\/71ca343ecfe74cc1b3fa4bf8e0f4ccb7?s=96&d=mm&r=g","contentUrl":"https:\/\/secure.gravatar.com\/avatar\/71ca343ecfe74cc1b3fa4bf8e0f4ccb7?s=96&d=mm&r=g","caption":"Destination Val-de-Travers"},"url":"https:\/\/www.myvaldetravers.ch\/de\/author\/laure\/"}]}},"_links":{"self":[{"href":"https:\/\/www.myvaldetravers.ch\/de\/wp-json\/wp\/v2\/posts\/7576"}],"collection":[{"href":"https:\/\/www.myvaldetravers.ch\/de\/wp-json\/wp\/v2\/posts"}],"about":[{"href":"https:\/\/www.myvaldetravers.ch\/de\/wp-json\/wp\/v2\/types\/post"}],"author":[{"embeddable":true,"href":"https:\/\/www.myvaldetravers.ch\/de\/wp-json\/wp\/v2\/users\/73"}],"replies":[{"embeddable":true,"href":"https:\/\/www.myvaldetravers.ch\/de\/wp-json\/wp\/v2\/comments?post=7576"}],"version-history":[{"count":30,"href":"https:\/\/www.myvaldetravers.ch\/de\/wp-json\/wp\/v2\/posts\/7576\/revisions"}],"predecessor-version":[{"id":14572,"href":"https:\/\/www.myvaldetravers.ch\/de\/wp-json\/wp\/v2\/posts\/7576\/revisions\/14572"}],"wp:featuredmedia":[{"embeddable":true,"href":"https:\/\/www.myvaldetravers.ch\/de\/wp-json\/wp\/v2\/media\/14554"}],"wp:attachment":[{"href":"https:\/\/www.myvaldetravers.ch\/de\/wp-json\/wp\/v2\/media?parent=7576"}],"wp:term":[{"taxonomy":"category","embeddable":true,"href":"https:\/\/www.myvaldetravers.ch\/de\/wp-json\/wp\/v2\/categories?post=7576"},{"taxonomy":"post_tag","embeddable":true,"href":"https:\/\/www.myvaldetravers.ch\/de\/wp-json\/wp\/v2\/tags?post=7576"}],"curies":[{"name":"wp","href":"https:\/\/api.w.org\/{rel}","templated":true}]}}